{"id":977,"date":"2023-08-30T20:43:40","date_gmt":"2023-08-30T23:43:40","guid":{"rendered":"https:\/\/zozimotavares.com\/site\/?p=977"},"modified":"2023-08-30T20:43:43","modified_gmt":"2023-08-30T23:43:43","slug":"lula-no-piaui-apoteose-ou-enterro-de-luxo","status":"publish","type":"post","link":"https:\/\/zozimotavares.com\/site\/2023\/08\/30\/lula-no-piaui-apoteose-ou-enterro-de-luxo\/","title":{"rendered":"Lula no Piau\u00ed: apoteose ou enterro de luxo?"},"content":{"rendered":"\n<p>O presidente&nbsp;Lula volta ao Piau\u00ed, nesta quinta-feira (31\/08), para o lan\u00e7amento nacional do programa <em>Brasil sem Fome<\/em>, nova vers\u00e3o do Fome Zero.<\/p>\n\n\n\n<p>Lula apresentar\u00e1, tamb\u00e9m, as obras que ser\u00e3o realizadas no Piau\u00ed atrav\u00e9s do Programa de Acelera\u00e7\u00e3o do Crescimento (PAC), lan\u00e7ado pelo Governo Federal em 11 de agosto.<\/p>\n\n\n\n<p>Esta primeira visita do presidente ao Piau\u00ed, neste seu terceiro mandato, ocorre em meio a um grande estresse relacionado com as investidas do <em>Centr\u00e3o <\/em>para tomar o Minist\u00e9rio do Desenvolvimento Social (MDS) do senador Wellington Dias.<\/p>\n\n\n\n<p><strong>Toma l\u00e1, d\u00e1 c\u00e1.<\/strong><\/p>\n\n\n\n<p>O tal \u201cPresidencialismo de Coaliz\u00e3o\u201d que impera no Brasil, com a pr\u00e1tica desenfreada e desavergonhada do \u201ctoma l\u00e1, d\u00e1 c\u00e1\u201d, por meio da qual o governo troca cargos p\u00fablicos por apoio pol\u00edtico, n\u00e3o \u00e9 inven\u00e7\u00e3o de Lula.<\/p>\n\n\n\n<p>Esse vergonhoso \u201cbalc\u00e3o de neg\u00f3cios\u201d foi montado h\u00e1 muitas luas e quem n\u00e3o se sujeitou a virar mercador ou se saiu muito mal no governo ou perdeu a cadeira presidencial.<\/p>\n\n\n\n<p>Ent\u00e3o, Lula \u00e9 apenas um continuador dessa obra nefasta. Com um detalhe: ele est\u00e1 mais experiente, por\u00e9m mais enfraquecido que em seus mandatos anteriores e o parlamento mais fortalecido e tamb\u00e9m mais faminto de cargos e benesses.<\/p>\n\n\n\n<p><strong>Empurrando com a barriga<\/strong><\/p>\n\n\n\n<p>Em sua insaci\u00e1vel fome de poder, o PP \u2013 cabe\u00e7a e est\u00f4mago do <em>Centr\u00e3o \u2013 <\/em>mirou justamente no MDS, o Minist\u00e9rio que cuida do Bolsa Fam\u00edlia, carro-chefe da \u00e1rea social do Governo Lula.<\/p>\n\n\n\n<p>A muito custo o presidente vem tentando salvar o pesco\u00e7o do ministro Wellington Dias, seu companheiro de primeira hora, especialmente dos momentos mais dif\u00edceis da pris\u00e3o em Curitiba.<\/p>\n\n\n\n<p>Uma de suas t\u00e1ticas tem sido a de empurrar com a barriga a fome do <em>Centr\u00e3o<\/em> por cargos.<\/p>\n\n\n\n<p>Primeiro, deixou a decis\u00e3o para quando retornasse da viagem \u00e0 \u00c1frica.<\/p>\n\n\n\n<p>Nesta ter\u00e7a-feira (29\/08), o presidente sinalizou com a possibilidade de recria\u00e7\u00e3o do Minist\u00e9rio das Pequenas e M\u00e9dias Empresas e servi-lo como lanche aos aliados.<\/p>\n\n\n\n<p>Agora h\u00e1 pouco, a m\u00eddia j\u00e1 especulava em Bras\u00edlia sobre o risco de o MDS ser dividido em dois para atender ao <em>Centr\u00e3o<\/em>.<\/p>\n\n\n\n<p>Uma banda continuaria com o Bolsa Fam\u00edlia e programa de combate \u00e0 mis\u00e9ria, sob o comando do ministro Wellington Dias, e a outra abocanharia a \u00e1rea de assist\u00eancia social, sob o comando dos novos aliados.<\/p>\n\n\n\n<p><strong>Jogado \u00e0s feras<\/strong><\/p>\n\n\n\n<p>Pelo visto, o n\u00facleo pensante do Planalto meteu na cabe\u00e7a que o MDS \u00e9 o prato mais apetitoso para alimentar o <em>Centr\u00e3o<\/em> neste momento.<\/p>\n\n\n\n<p>Os minist\u00e9rios entregues ao Cear\u00e1, \u00e0 Bahia e aos demais Estados nordestinos s\u00e3o intoc\u00e1veis. Que seja jogado \u00e0s feras o \u00fanico minist\u00e9rio do Piau\u00ed.<\/p>\n\n\n\n<p>Se embarcar nessa, o presidente estar\u00e1 dando as costas para o Estado que sempre esteve com ele.<\/p>\n\n\n\n<p>E vai sabendo que, quanto mais ceder, mais facada receber\u00e1.<\/p>\n\n\n\n<p>Ent\u00e3o, o que promete ser um lan\u00e7amento apote\u00f3tico do <em>Brasil sem fome<\/em> pode n\u00e3o passar, ao final, de um enterro de luxo do ministro Wellington Dias.<\/p>\n","protected":false},"excerpt":{"rendered":"<p>O presidente&nbsp;Lula volta ao Piau\u00ed, nesta quinta-feira (31\/08), para o lan\u00e7amento nacional do programa Brasil sem Fome, nova vers\u00e3o do Fome Zero. Lula apresentar\u00e1, tamb\u00e9m, as<span class=\"excerpt-hellip\"> [\u2026]<\/span><\/p>\n","protected":false},"author":2,"featured_media":978,"comment_status":"open","ping_status":"open","sticky":false,"template":"","format":"standard","meta":{"footnotes":""},"categories":[21,23],"tags":[169,159,91,168],"class_list":["post-977","post","type-post","status-publish","format-standard","has-post-thumbnail","hentry","category-alem-do-fato","category-artigos","tag-centrao","tag-lula-2","tag-ministerio","tag-wellington-dias"],"_links":{"self":[{"href":"https:\/\/zozimotavares.com\/site\/wp-json\/wp\/v2\/posts\/977","targetHints":{"allow":["GET"]}}],"collection":[{"href":"https:\/\/zozimotavares.com\/site\/wp-json\/wp\/v2\/posts"}],"about":[{"href":"https:\/\/zozimotavares.com\/site\/wp-json\/wp\/v2\/types\/post"}],"author":[{"embeddable":true,"href":"https:\/\/zozimotavares.com\/site\/wp-json\/wp\/v2\/users\/2"}],"replies":[{"embeddable":true,"href":"https:\/\/zozimotavares.com\/site\/wp-json\/wp\/v2\/comments?post=977"}],"version-history":[{"count":1,"href":"https:\/\/zozimotavares.com\/site\/wp-json\/wp\/v2\/posts\/977\/revisions"}],"predecessor-version":[{"id":979,"href":"https:\/\/zozimotavares.com\/site\/wp-json\/wp\/v2\/posts\/977\/revisions\/979"}],"wp:featuredmedia":[{"embeddable":true,"href":"https:\/\/zozimotavares.com\/site\/wp-json\/wp\/v2\/media\/978"}],"wp:attachment":[{"href":"https:\/\/zozimotavares.com\/site\/wp-json\/wp\/v2\/media?parent=977"}],"wp:term":[{"taxonomy":"category","embeddable":true,"href":"https:\/\/zozimotavares.com\/site\/wp-json\/wp\/v2\/categories?post=977"},{"taxonomy":"post_tag","embeddable":true,"href":"https:\/\/zozimotavares.com\/site\/wp-json\/wp\/v2\/tags?post=977"}],"curies":[{"name":"wp","href":"https:\/\/api.w.org\/{rel}","templated":true}]}}