{"id":915,"date":"2022-12-19T09:51:08","date_gmt":"2022-12-19T12:51:08","guid":{"rendered":"https:\/\/zozimotavares.com\/site\/?p=915"},"modified":"2022-12-19T10:02:40","modified_gmt":"2022-12-19T13:02:40","slug":"o-que-e-isso-companheiro-lula","status":"publish","type":"post","link":"https:\/\/zozimotavares.com\/site\/2022\/12\/19\/o-que-e-isso-companheiro-lula\/","title":{"rendered":"O que \u00e9 isso, companheiro Lula?"},"content":{"rendered":"\n<p>Como ensinava o s\u00e1bio Cartola, o poeta das rosas, em sua can\u00e7\u00e3o <em>O mundo \u00e9 um moinho<\/em>, \u201cainda \u00e9 cedo\u201d.<\/p>\n\n\n\n<p>Por\u00e9m, na forma\u00e7\u00e3o do minist\u00e9rio de Lula para seu novo governo, j\u00e1 \u00e9 poss\u00edvel tirar algumas conclus\u00f5es desapontadoras.<\/p>\n\n\n\n<p>Em rela\u00e7\u00e3o ao Piau\u00ed, especificamente, Lula come\u00e7a em d\u00e9bito, quando comparado ao governo Bolsonaro.<\/p>\n\n\n\n<p>Neste quesito, o atual presidente prestigiou o Estado em tr\u00eas ocasi\u00f5es especiais.<\/p>\n\n\n\n<p>A primeira, no final de 2020, quando nomeou o desembargador federal K\u00e1ssio Nunes Marques para o Supremo Tribunal Federal, sem que seu nome sequer estivesse em cogita\u00e7\u00e3o.<\/p>\n\n\n\n<p>A segunda, quando nomeou o senador Ciro Nogueira como ministro-chefe da Casa Civil, em agosto de 2021, atribuindo-lhe a fun\u00e7\u00e3o de coordenador pol\u00edtico do governo.<\/p>\n\n\n\n<p>E, por \u00faltimo, o presidente Bolsonaro nomeou a desembargadora Liana Chaib como ministra do Tribunal Superior do Trabalho.<\/p>\n\n\n\n<p>Nunca antes um presidente republicano teve tanta defer\u00eancia pelo Piau\u00ed, a n\u00e3o ser no governo militar, quando Reis Veloso, Petr\u00f4nio Portella e Waldir Arcoverde pontificaram no minist\u00e9rio.<\/p>\n\n\n\n<p>Mais recentemente, outros dois piauienses estiveram na Esplanada dos Minist\u00e9rios \u2013 Jo\u00e3o Henrique (Transportes), no Governo FHC, e Marcelo Castro (Sa\u00fade), no Governo Dilma. Mas apenas passaram uma chuva por l\u00e1.<\/p>\n\n\n\n<p><strong>E agora, Jos\u00e9?<\/strong><\/p>\n\n\n\n<p>At\u00e9 poucos dias, especulava-se que o senador eleito Wellington Dias entraria no minist\u00e9rio de Lula.<\/p>\n\n\n\n<p>Seu nome era dado como certo ou para o Minist\u00e9rio da Economia ou a para a Casa Civil. Nem um nem outro.<\/p>\n\n\n\n<p>O presidente eleito optou por outros nomes e o Piau\u00ed ficou fora do seu minist\u00e9rio. Pelo menos dos minist\u00e9rios do n\u00facleo central.<\/p>\n\n\n\n<p>Se o Estado ainda vier a ocupar alguma vaga ser\u00e1 nos minist\u00e9rios perif\u00e9ricos, j\u00e1 que eles n\u00e3o ser\u00e3o poucos \u2013 quase 40.<\/p>\n\n\n\n<p><strong>Vota\u00e7\u00e3o recorde<\/strong><\/p>\n\n\n\n<p>O Piau\u00ed fica nesta inc\u00f4moda posi\u00e7\u00e3o ap\u00f3s dar ao presidente eleito a maior vota\u00e7\u00e3o proporcional do pa\u00eds \u2013 76,84% dos votos.<\/p>\n\n\n\n<p>N\u00e3o foi s\u00f3 isso. Entre as 10 cidades onde o presidente eleito teve maior percentual de votos no 2\u00ba turno das Elei\u00e7\u00f5es 2022, oito est\u00e3o no Piau\u00ed.<\/p>\n\n\n\n<p>Guaribas, a cidade-s\u00edmbolo do Fome Zero, deu a Lula 92,14% dos votos \u2013 o maior \u00edndice entre todos os munic\u00edpios brasileiros.<\/p>\n\n\n\n<p>Sem surpresas. O presidente eleito foi sempre um campe\u00e3o de votos no estado.<\/p>\n\n\n\n<p>Mas \u00e9 incapaz de identificar um piauiense que tenha condi\u00e7\u00e3o de figurar como ministro seu.<\/p>\n\n\n\n<p>O que \u00e9 isso, companheiro?<\/p>\n\n\n\n<p><\/p>\n","protected":false},"excerpt":{"rendered":"<p>Como ensinava o s\u00e1bio Cartola, o poeta das rosas, em sua can\u00e7\u00e3o O mundo \u00e9 um moinho, \u201cainda \u00e9 cedo\u201d. Por\u00e9m, na forma\u00e7\u00e3o do minist\u00e9rio de<span class=\"excerpt-hellip\"> [\u2026]<\/span><\/p>\n","protected":false},"author":2,"featured_media":916,"comment_status":"open","ping_status":"open","sticky":false,"template":"","format":"standard","meta":{"footnotes":""},"categories":[21,23],"tags":[159,91,160],"class_list":["post-915","post","type-post","status-publish","format-standard","has-post-thumbnail","hentry","category-alem-do-fato","category-artigos","tag-lula-2","tag-ministerio","tag-piaui-2"],"_links":{"self":[{"href":"https:\/\/zozimotavares.com\/site\/wp-json\/wp\/v2\/posts\/915","targetHints":{"allow":["GET"]}}],"collection":[{"href":"https:\/\/zozimotavares.com\/site\/wp-json\/wp\/v2\/posts"}],"about":[{"href":"https:\/\/zozimotavares.com\/site\/wp-json\/wp\/v2\/types\/post"}],"author":[{"embeddable":true,"href":"https:\/\/zozimotavares.com\/site\/wp-json\/wp\/v2\/users\/2"}],"replies":[{"embeddable":true,"href":"https:\/\/zozimotavares.com\/site\/wp-json\/wp\/v2\/comments?post=915"}],"version-history":[{"count":2,"href":"https:\/\/zozimotavares.com\/site\/wp-json\/wp\/v2\/posts\/915\/revisions"}],"predecessor-version":[{"id":918,"href":"https:\/\/zozimotavares.com\/site\/wp-json\/wp\/v2\/posts\/915\/revisions\/918"}],"wp:featuredmedia":[{"embeddable":true,"href":"https:\/\/zozimotavares.com\/site\/wp-json\/wp\/v2\/media\/916"}],"wp:attachment":[{"href":"https:\/\/zozimotavares.com\/site\/wp-json\/wp\/v2\/media?parent=915"}],"wp:term":[{"taxonomy":"category","embeddable":true,"href":"https:\/\/zozimotavares.com\/site\/wp-json\/wp\/v2\/categories?post=915"},{"taxonomy":"post_tag","embeddable":true,"href":"https:\/\/zozimotavares.com\/site\/wp-json\/wp\/v2\/tags?post=915"}],"curies":[{"name":"wp","href":"https:\/\/api.w.org\/{rel}","templated":true}]}}