{"id":891,"date":"2022-12-04T08:13:22","date_gmt":"2022-12-04T11:13:22","guid":{"rendered":"https:\/\/zozimotavares.com\/site\/?p=891"},"modified":"2022-12-06T12:03:15","modified_gmt":"2022-12-06T15:03:15","slug":"tv-clube-50-anos","status":"publish","type":"post","link":"https:\/\/zozimotavares.com\/site\/2022\/12\/04\/tv-clube-50-anos\/","title":{"rendered":"TV Clube, 50 anos"},"content":{"rendered":"\n<p>A TV Clube comemorou ontem (3\/12) o seu 50\u00ba anivers\u00e1rio em grande estilo, com direito a um <em>Globo Rep\u00f3rter Especial<\/em> na sexta-feira passada para documentar e celebrar a efem\u00e9ride.<\/p>\n\n\n\n<p>O primeiro canal de televis\u00e3o do Piau\u00ed nasceu da obstina\u00e7\u00e3o do professor e advogado Valter Alencar, que penou por dez anos para colocar a emissora no ar.<\/p>\n\n\n\n<p>\u201cA for\u00e7a de um ideal\u201d, o <em>slogan<\/em> da TV Clube, divulgado sistematicamente em seus anos iniciais, exprime bem a determina\u00e7\u00e3o do professor Valter Alencar para fundar, instalar e inaugurar o canal pioneiro de televis\u00e3o do Piau\u00ed.<\/p>\n\n\n\n<p>Em uma \u00e9poca em que tudo no Estado era ainda muito mais dif\u00edcil, ele liderou um movimento pela realiza\u00e7\u00e3o de seu sonho.<\/p>\n\n\n\n<p>A dificuldade maior era porque, em um meio atrasado, ele queria trazer para o Piau\u00ed algo grandioso que pouca gente sabia o que era.<\/p>\n\n\n\n<p>Mas isso n\u00e3o era uma exclusividade dos piauienses. Quando a primeira esta\u00e7\u00e3o de TV foi inaugurada no Rio de Janeiro pelo magnata Assis Chateaubriand, em 1950, por l\u00e1 tamb\u00e9m quase ningu\u00e9m sabia do que se tratava.<\/p>\n\n\n\n<p><strong>A campanha pela TV<\/strong><\/p>\n\n\n\n<p>Dinheiro o Dr. Valter n\u00e3o tinha para sua vision\u00e1ria empreitada. Ele conseguiu a realiza\u00e7\u00e3o de tal proeza empenhando o seu maior patrim\u00f4nio \u2013 a credibilidade.<\/p>\n\n\n\n<p>Durante a jornada, muitos se juntaram ao professor Valter, entre eles o radiot\u00e9cnico Raimundo Albuquerque, que, j\u00e1 na fase de instala\u00e7\u00e3o, cuidou da parte t\u00e9cnica da emissora.<\/p>\n\n\n\n<p>O governador Alberto Silva, outro piauiense de esp\u00edrito empreendedor, deu todo apoio \u00e0 instala\u00e7\u00e3o da primeira emissora de TV do Piau\u00ed. Fez tudo o que estava ao seu alcance para dotar o Estado dessa novidade tecnol\u00f3gica. &nbsp;<\/p>\n\n\n\n<p>Para se ter uma ideia da grandiosidade do projeto, a segunda emissora de televis\u00e3o do Piau\u00ed (TV Pioneira, hoje TV Cidade Verde) s\u00f3 foi inaugurada 14 anos depois, atrav\u00e9s de um <em>pool <\/em>de grandes empres\u00e1rios.<\/p>\n\n\n\n<p>E sucedeu que o Dr. Valter despendeu tanta energia na constru\u00e7\u00e3o de seu ideal que a luta renhida pela TV acabou por lhe tirar a sa\u00fade.<\/p>\n\n\n\n<p>A TV Clube foi inaugurada em 3 de dezembro de 1972 e, em 25 de janeiro de 1975, quando a emissora ainda engatinhava, o Dr. Valter faleceu.<\/p>\n\n\n\n<p>Da\u00ed para frente, o sonho foi tocado pelos seus filhos Segisnando Alencar, Valter Alencar Filho e Teresa.<\/p>\n\n\n\n<p>E eles deram grandeza ao projeto, inclusive tornando emissora afiliada da Rede Globo, a partir de 1976.<\/p>\n\n\n\n<p><strong>Uma escola de comunica\u00e7\u00e3o &nbsp;<\/strong><\/p>\n\n\n\n<p>Tive o privil\u00e9gio de trabalhar na TV Clube por quase 5 anos, a partir de 1988. Fui rep\u00f3rter pol\u00edtico e editor-chefe do <em>Bom Dia Piau\u00ed<\/em>.<\/p>\n\n\n\n<p>Cheguei l\u00e1 sem saber absolutamente nada de televis\u00e3o, a convite do jornalista Carlos Augusto de Ara\u00fajo Lima, que reassumia a dire\u00e7\u00e3o de jornalismo.<\/p>\n\n\n\n<p>Para os que, como eu, tiveram a oportunidade de integrar a equipe da emissora, a TV Clube foi, antes de tudo, para todos n\u00f3s, uma escola de comunica\u00e7\u00e3o.<\/p>\n\n\n\n<p>Como rep\u00f3rter da TV, entrevistei grandes personalidades da \u00e9poca que visitavam o Piau\u00ed.<\/p>\n\n\n\n<p>Da pol\u00edtica, entrevistei, entre outros, Ulysses Guimar\u00e3es, Orestes Qu\u00e9rcia, M\u00e1rio Covas, Arthur da T\u00e1vola, Leonel Brizola, Lula, Lu\u00eds Carlos Prestes e Sarney.<\/p>\n\n\n\n<p>Do mundo intelectual, Ant\u00f4nio Houaiss e Afr\u00e2nio Coutinho, da Academia Brasileira de Letras.<\/p>\n\n\n\n<p>Tamb\u00e9m Dom Luciano Nunes de Almeida, presidente da CNBB, e dom Paulo Evaristo Arns, arcebispo de S\u00e3o Paulo.<\/p>\n\n\n\n<p><strong>Um fato pitoresco<\/strong><\/p>\n\n\n\n<p>Quando fui editor do programa <em>Bom Dia Piau\u00ed<\/em>, participava das entrevistas pol\u00edticas ora com Carlos Augusto, ora com Deocl\u00e9cio Dantas e ora ainda com Claudia Brand\u00e3o, com estes na apresenta\u00e7\u00e3o.<\/p>\n\n\n\n<p>Uma vez, Carlos Augusto e eu sentamos para entrevistar o governador Alberto Silva, que estava em seu segundo mandato.<\/p>\n\n\n\n<p>Numa sala, ao lado do est\u00fadio, aguardava para ser entrevistado no bloco seguinte o ex-deputado federal Freitas Neto, que havia perdido a elei\u00e7\u00e3o de governador para Alberto, mas n\u00e3o havia perdido o sonho de um dia ocupar o Pal\u00e1cio de Karnak.<\/p>\n\n\n\n<p>Alberto Silva soube que seria entrevistado no primeiro bloco e que, no segundo, seria Freitas Neto.<\/p>\n\n\n\n<p>J\u00e1 no ar, ele n\u00e3o deu a menor bola para a primeira pergunta que lhe foi formulada e deitou a falar sobre o que lhe interessava, no caso as obras do governo, que na \u00e9poca eram o pr\u00e9-metr\u00f4, a Poticabana e o \u201cnavio do sal\u201d.<\/p>\n\n\n\n<p>N\u00e3o era uma entrevista, propriamente. Era um mon\u00f3logo. Quando falou uns 15 minutos (o programa tinha meia hora de dura\u00e7\u00e3o), o governador notou que o apresentador estava aflito para chamar os comerciais.<\/p>\n\n\n\n<p>A\u00ed lhe devolveu a palavra: \u201cEu sei que voc\u00eas precisam chamar os comerciais. Chamem e eu concluo meu pensamento no pr\u00f3ximo bloco\u201d.<\/p>\n\n\n\n<p>Assim foi feito. Alberto n\u00e3o saiu da cadeira, n\u00e3o deu vez para que seu opositor fosse entrevistado.<\/p>\n\n\n\n<p>Freitas Neto, que acompanhava tudo na outra sala, apenas riu e ficou combinado que ele seria entrevistado no dia seguinte.<\/p>\n\n\n\n<p>Algum tempo depois, Freitas estaria sentado na cadeira de Alberto Silva l\u00e1 no Karnak.<\/p>\n\n\n\n<p><strong>Furo no JN<\/strong><\/p>\n\n\n\n<p>Lembro, ainda, por exemplo, que, depois de eleito, o presidente Fernando Collor fez uma viagem ao exterior.<\/p>\n\n\n\n<p>Da comitiva dele, o primeiro que voltou para o Brasil foi o ent\u00e3o deputado federal Renan Calheiros, l\u00edder do PRN no Congresso.<\/p>\n\n\n\n<p>O PRN era o partido do novo presidente, que tomaria posse em 15 de mar\u00e7o de 1990.<\/p>\n\n\n\n<p>No Brasil, como de praxe, eram muitas as especula\u00e7\u00f5es sobre a forma\u00e7\u00e3o do minist\u00e9rio e as primeiras medidas do novo governo.<\/p>\n\n\n\n<p>Renan Calheiros veio do exterior direto para Teresina, a convite do empres\u00e1rio piauiense Zezinho Moraes, que morava no Rio e era seu amigo.<\/p>\n\n\n\n<p>Se n\u00e3o me engano, chegaram em jato particular, juntamente com o deputado estadual Cleto Falc\u00e3o, de Alagoas, tamb\u00e9m do time de Collor.<\/p>\n\n\n\n<p>Renan veio para o Piau\u00ed em 12 de janeiro de 1990, uma sexta-feira, para assistir \u00e0 posse da nova secret\u00e1ria de Cultura, Susana Silva, filha do governador Alberto Silva (PMDB), que apoiou Collor desde o primeiro turno da elei\u00e7\u00e3o presidencial.<\/p>\n\n\n\n<p>Entrevistei Renan Calheiros logo ap\u00f3s o seu desembarque no aeroporto de Teresina.<\/p>\n\n\n\n<p>Mandei a entrevista para o <em>Correio<\/em> <em>Braziliense, <\/em>do qual era correspondente, e a TV Clube mandou para a Rede Globo.<\/p>\n\n\n\n<p>A entrevista mereceu 5 minutos do <em>Jornal Nacional<\/em>, um tempo excepcional. D\u00e1vamos, afinal, um grande furo.<\/p>\n\n\n\n<p>Por isso, tamb\u00e9m, estou entre os que aplaudem os 50 anos da TV Clube, com votos de renovado sucesso e de que sua caminhada seja longa!<\/p>\n\n\n\n<figure class=\"wp-block-image size-large\"><img loading=\"lazy\" decoding=\"async\" width=\"1024\" height=\"629\" src=\"https:\/\/zozimotavares.com\/site\/wp-content\/uploads\/2022\/12\/ZT-TV-Clube-1024x629.jpg\" alt=\"\" class=\"wp-image-893\" srcset=\"https:\/\/zozimotavares.com\/site\/wp-content\/uploads\/2022\/12\/ZT-TV-Clube-1024x629.jpg 1024w, https:\/\/zozimotavares.com\/site\/wp-content\/uploads\/2022\/12\/ZT-TV-Clube-300x184.jpg 300w, https:\/\/zozimotavares.com\/site\/wp-content\/uploads\/2022\/12\/ZT-TV-Clube-768x471.jpg 768w, https:\/\/zozimotavares.com\/site\/wp-content\/uploads\/2022\/12\/ZT-TV-Clube-238x146.jpg 238w, https:\/\/zozimotavares.com\/site\/wp-content\/uploads\/2022\/12\/ZT-TV-Clube-50x31.jpg 50w, https:\/\/zozimotavares.com\/site\/wp-content\/uploads\/2022\/12\/ZT-TV-Clube-122x75.jpg 122w, https:\/\/zozimotavares.com\/site\/wp-content\/uploads\/2022\/12\/ZT-TV-Clube.jpg 1261w\" sizes=\"auto, (max-width:767px) 480px, (max-width:1024px) 100vw, 1024px\" \/><figcaption><em>Grava\u00e7\u00e3o de &#8220;passagem&#8221; na frente da resid\u00eancia oficial do governador Alberto Silva (1990)<\/em><\/figcaption><\/figure>\n\n\n\n<figure class=\"wp-block-image size-large\"><img loading=\"lazy\" decoding=\"async\" width=\"720\" height=\"465\" src=\"https:\/\/zozimotavares.com\/site\/wp-content\/uploads\/2022\/12\/IMG-20221206-WA0026.jpg\" alt=\"\" class=\"wp-image-899\" srcset=\"https:\/\/zozimotavares.com\/site\/wp-content\/uploads\/2022\/12\/IMG-20221206-WA0026.jpg 720w, https:\/\/zozimotavares.com\/site\/wp-content\/uploads\/2022\/12\/IMG-20221206-WA0026-300x194.jpg 300w, https:\/\/zozimotavares.com\/site\/wp-content\/uploads\/2022\/12\/IMG-20221206-WA0026-226x146.jpg 226w, https:\/\/zozimotavares.com\/site\/wp-content\/uploads\/2022\/12\/IMG-20221206-WA0026-50x32.jpg 50w, https:\/\/zozimotavares.com\/site\/wp-content\/uploads\/2022\/12\/IMG-20221206-WA0026-116x75.jpg 116w\" sizes=\"auto, (max-width:767px) 480px, 720px\" \/><figcaption><em> Nos est\u00fadios do &#8220;Bom Dia, Piau\u00ed&#8221;, com Deocl\u00e9cio Dantas e Carlos Augusto (1989)<\/em><\/figcaption><\/figure>\n","protected":false},"excerpt":{"rendered":"<p>A TV Clube comemorou ontem (3\/12) o seu 50\u00ba anivers\u00e1rio em grande estilo, com direito a um Globo Rep\u00f3rter Especial na sexta-feira passada para documentar e<span class=\"excerpt-hellip\"> [\u2026]<\/span><\/p>\n","protected":false},"author":2,"featured_media":892,"comment_status":"open","ping_status":"open","sticky":false,"template":"","format":"standard","meta":{"footnotes":""},"categories":[21,24],"tags":[156,28,109],"class_list":["post-891","post","type-post","status-publish","format-standard","has-post-thumbnail","hentry","category-alem-do-fato","category-cronicas","tag-50-anos","tag-piaui","tag-tv-clube"],"_links":{"self":[{"href":"https:\/\/zozimotavares.com\/site\/wp-json\/wp\/v2\/posts\/891","targetHints":{"allow":["GET"]}}],"collection":[{"href":"https:\/\/zozimotavares.com\/site\/wp-json\/wp\/v2\/posts"}],"about":[{"href":"https:\/\/zozimotavares.com\/site\/wp-json\/wp\/v2\/types\/post"}],"author":[{"embeddable":true,"href":"https:\/\/zozimotavares.com\/site\/wp-json\/wp\/v2\/users\/2"}],"replies":[{"embeddable":true,"href":"https:\/\/zozimotavares.com\/site\/wp-json\/wp\/v2\/comments?post=891"}],"version-history":[{"count":5,"href":"https:\/\/zozimotavares.com\/site\/wp-json\/wp\/v2\/posts\/891\/revisions"}],"predecessor-version":[{"id":901,"href":"https:\/\/zozimotavares.com\/site\/wp-json\/wp\/v2\/posts\/891\/revisions\/901"}],"wp:featuredmedia":[{"embeddable":true,"href":"https:\/\/zozimotavares.com\/site\/wp-json\/wp\/v2\/media\/892"}],"wp:attachment":[{"href":"https:\/\/zozimotavares.com\/site\/wp-json\/wp\/v2\/media?parent=891"}],"wp:term":[{"taxonomy":"category","embeddable":true,"href":"https:\/\/zozimotavares.com\/site\/wp-json\/wp\/v2\/categories?post=891"},{"taxonomy":"post_tag","embeddable":true,"href":"https:\/\/zozimotavares.com\/site\/wp-json\/wp\/v2\/tags?post=891"}],"curies":[{"name":"wp","href":"https:\/\/api.w.org\/{rel}","templated":true}]}}