{"id":874,"date":"2022-11-19T21:02:08","date_gmt":"2022-11-20T00:02:08","guid":{"rendered":"https:\/\/zozimotavares.com\/site\/?p=874"},"modified":"2022-11-20T08:12:34","modified_gmt":"2022-11-20T11:12:34","slug":"e-o-filho-do-seu-chico","status":"publish","type":"post","link":"https:\/\/zozimotavares.com\/site\/2022\/11\/19\/e-o-filho-do-seu-chico\/","title":{"rendered":"&#8220;\u00c9 o filho do Seu Chico!&#8221;"},"content":{"rendered":"\n<p>Era 1982. No dia 21 de outubro, com 26 anos, ele tomava posse no cargo de juiz do Trabalho no TRT da 7\u00aa Regi\u00e3o, sediado em Fortaleza, e com jurisdi\u00e7\u00e3o nos estados do Cear\u00e1, Piau\u00ed e Maranh\u00e3o.<\/p>\n\n\n\n<p>Como ele mesmo confessa, era um salto muito grande para as suas expectativas.<\/p>\n\n\n\n<p>\u00c0quela \u00e9poca, ele era empregado no Banco do Estado do Cear\u00e1 e seus pais avaliavam que j\u00e1 estava muito bem encaminhado na vida.<\/p>\n\n\n\n<p>Deixa que, escondido dos velhos, o jovem advogado estava tentando o concurso para juiz do Trabalho. Mas decidiu que s\u00f3 contaria aos pais se desse certo. E deu: foi aprovado em primeiro lugar!<\/p>\n\n\n\n<p>Acontece que a burocracia empurrava a nomea\u00e7\u00e3o com a barriga e ele decidiu que faria a surpresa com a posse.<\/p>\n\n\n\n<p>No dia da entrega da documenta\u00e7\u00e3o para o TRT marcar o ato de posse, foi informado de que poderia fazer isso logo naquele mesmo dia. E decidiu incontinenti assumir o cargo que tanto desejava e pelo qual tanto lutara.<\/p>\n\n\n\n<p>Mas ele teve que segurar a ansiedade por mais um tempo, ainda. Tudo pronto, mas a solenidade n\u00e3o come\u00e7ava.<\/p>\n\n\n\n<p>Enquanto isso, os assessores da presid\u00eancia corriam de um lado para o outro, dentro do Tribunal. Estavam atr\u00e1s justamente de um palet\u00f3 que servisse nele.<\/p>\n\n\n\n<p><strong>Susto<\/strong><\/p>\n\n\n\n<p>Quando se apresentou para trabalhar, no dia seguinte, foi cercado por rep\u00f3rteres de jornal, r\u00e1dio e televis\u00e3o.<\/p>\n\n\n\n<p>Todos deram destaque \u00e0 nomea\u00e7\u00e3o do novo juiz, por um detalhe que conto logo adiante.<\/p>\n\n\n\n<p>At\u00e9 ent\u00e3o, sua fam\u00edlia, residindo em Corea\u00fa, no interior do Cear\u00e1, n\u00e3o sabia de nada.<\/p>\n\n\n\n<p>Seu pai, Francisco Rodrigues de Lima, o Seu Chico, gostava de assistir ao <em>Jornal Nacional<\/em>, atrav\u00e9s da TV Verdes Mares, afiliada da Rede Globo no Cear\u00e1.<\/p>\n\n\n\n<p>E o <em>Jornal Nacional<\/em> era antecipado pelo notici\u00e1rio estadual, com a chamada:<\/p>\n\n\n\n<p>\u201cVeja daqui a pouco: um ex-agricultor \u00e9 o juiz mais novo do Brasil\u201d. E foi juntando gente em torno da televis\u00e3o&#8230;<\/p>\n\n\n\n<p>Quando a reportagem foi enfim exibida, na \u00faltima parte do telejornal, ele era o personagem principal.<\/p>\n\n\n\n<p>Como a not\u00edcia ocupou o bloco inteiro, sua m\u00e3e, dona Maria Auta Concei\u00e7\u00e3o Marques de Lima, e alguns dos sete irm\u00e3os tiveram tempo de assistir.<\/p>\n\n\n\n<p>A meninada da vizinhan\u00e7a correu na rua gritando: \u201c\u00c9 o filho do Seu Chico! \u00c9 o filho do Seu Chico! \u00c9 o filho do Seu Chico!\u201d<\/p>\n\n\n\n<p><strong>Supera\u00e7\u00e3o<\/strong><\/p>\n\n\n\n<p>A\u00ed come\u00e7ava a carreira de magistrado de Francisco Meton Marques de Lima, que trabalhou na ro\u00e7a at\u00e9 a adolesc\u00eancia.<\/p>\n\n\n\n<p>Ele deixou a labuta no campo em 1973, aos 16 anos, para cursar na cidade uma s\u00e9rie do ensino fundamental.<\/p>\n\n\n\n<p>E cursou todo o antigo ensino prim\u00e1rio, o 2\u00ba grau e o n\u00edvel superior em apenas oito anos. Sempre em escola p\u00fablica.<\/p>\n\n\n\n<p>Durante o ensino b\u00e1sico, tomava conta de um bar de seu pai. Estudava debaixo do balc\u00e3o, nas horas sem movimento.<\/p>\n\n\n\n<p>No vestibular, foi aprovado em terceiro lugar para o Curso de Direito da UFC.<\/p>\n\n\n\n<p>Como na can\u00e7\u00e3o de seu conterr\u00e2neo Belchior, ele era apenas um rapaz latino-americano, baixinho e magrinho, que chegava \u00e0 capital sem dinheiro no bolso, sem parentes importantes e vindo do interior.<\/p>\n\n\n\n<p>Foi morar na Resid\u00eancia do Estudante Universit\u00e1rio. Concluiu o curso em tr\u00eas anos e meio.<\/p>\n\n\n\n<p>Estagiou no Dnocs, na Defensoria P\u00fablica, na Justi\u00e7a do Trabalho e no Conselho Penitenci\u00e1rio.<\/p>\n\n\n\n<p>Foi pesquisador do Projeto Rondon, advogado estagi\u00e1rio, revisor de jornal e banc\u00e1rio. Tudo atrav\u00e9s de concurso. &nbsp;<\/p>\n\n\n\n<p><strong>Livro<\/strong><\/p>\n\n\n\n<p>Em 1987, foi aprovado em concurso para professor da Universidade Federal do Cear\u00e1. Fez mestrado e doutorado.<\/p>\n\n\n\n<p>Sua hist\u00f3ria est\u00e1 sendo contada no livro \u201c<strong>40 anos de magistratura e 35 de magist\u00e9rio superior<\/strong>\u201d.<\/p>\n\n\n\n<p>O livro foi lan\u00e7ado h\u00e1 poucos dias, no audit\u00f3rio do Tribunal Regional do Trabalho do Piau\u00ed, em solenidade na qual foi homenageado.<\/p>\n\n\n\n<p>No livro, o desembargador e professor Meton conta sua hist\u00f3ria, incluindo sua vinda para o Piau\u00ed, em 1988. Aqui tornou-se professor da UFPI e de outras institui\u00e7\u00f5es.<\/p>\n\n\n\n<p><strong>Fundador do TRT Piau\u00ed<\/strong><\/p>\n\n\n\n<p>O destaque da obra \u00e9 para a luta pela cria\u00e7\u00e3o do TRT 22\u00aa Regi\u00e3o, do qual \u00e9 o fundador.<\/p>\n\n\n\n<p>\u201cDecerto, tudo tem muito de muitos. Eu conto a minha parte\u201d, avisa.<\/p>\n\n\n\n<p>Como rep\u00f3rter, acompanhei o doutor Meton batendo perna e gastando saliva em defesa da cria\u00e7\u00e3o do TRT.<\/p>\n\n\n\n<p>Pouca gente acreditava na ideia, raz\u00e3o pela qual ele parecia um Jo\u00e3o Batista pregando no deserto.<\/p>\n\n\n\n<p>Mas ele conseguiu atrair para a causa apoiadores de peso como o ent\u00e3o presidente da Ordem dos Advogados do Brasil, Se\u00e7\u00e3o do Piau\u00ed, Nildomar da Silveira Soares, e o deputado federal Paes Landim.<\/p>\n\n\n\n<p>\u00c0 \u00e9poca, registrei muitos de seus passos na imprensa local. A hist\u00f3ria pessoal do Dr. Meton e a causa que abra\u00e7ava chamavam a aten\u00e7\u00e3o da imprensa local. E at\u00e9 nos sensibilizava.<\/p>\n\n\n\n<p>Quando presidi o Sindicato dos Jornalistas do Piau\u00ed, entre 1991 e 1992, fizemos uma greve pelo piso e pela data-base da categoria, mais o anu\u00eanio de 2 por cento.<\/p>\n\n\n\n<p>O Dr. Meton participou de algumas das negocia\u00e7\u00f5es dos jornalistas com as empresas, como mediador.<\/p>\n\n\n\n<p>A presen\u00e7a dele, como juiz do Trabalho, nessas mesas de negocia\u00e7\u00f5es, dava credibilidade ao movimento. Conseguimos o atendimento de nossas reivindica\u00e7\u00f5es.<\/p>\n\n\n\n<p>Al\u00e9m de elaborar os projetos da fase de cria\u00e7\u00e3o e instala\u00e7\u00e3o do TRT do Piau\u00ed, em 1991, o Dr. Meton foi autor ainda dos projetos que resultaram nas leis federais criando a 3\u00aa, 4\u00aa e 5\u00aa Varas do Trabalho de Teresina e das Varas de Floriano, Picos e Piripiri.<\/p>\n\n\n\n<p><strong>Rasteiras<\/strong><\/p>\n\n\n\n<p>O livro traz os bastidores da cria\u00e7\u00e3o do TRT, sua composi\u00e7\u00e3o inicial e as puxadas de tapete que seu idealizador sofreu.<\/p>\n\n\n\n<p>Tudo contado em prosa agrad\u00e1vel, com sabor liter\u00e1rio, sem ressentimentos e at\u00e9 com gra\u00e7a. &nbsp;<\/p>\n\n\n\n<p>O autor d\u00e1 conta, ainda, de Projetos de sua autoria, ou dos quais participou, que vingaram em leis, Emendas Constitucionais, Atos Normativos e Jurisprud\u00eancia consolidada.<\/p>\n\n\n\n<p>Tamb\u00e9m relaciona os livros publicados, quase todos na \u00e1rea jur\u00eddica, alguns transformados em refer\u00eancia nacional, com dezenas de reedi\u00e7\u00f5es.<\/p>\n\n\n\n<p>O desembargador Meton presidiu o TRT do Piau\u00ed, foi vice-presidente e corregedor mais de uma vez, al\u00e9m de diretor da Escola Judicial.<\/p>\n\n\n\n<p>A hist\u00f3ria do filho do Seu Chico \u00e9 inspiradora e deve ser conhecida por tantos que queiram vencer na vida pelo estudo e o trabalho.<\/p>\n\n\n\n<figure class=\"wp-block-image size-large\"><img loading=\"lazy\" decoding=\"async\" width=\"576\" height=\"1024\" src=\"https:\/\/zozimotavares.com\/site\/wp-content\/uploads\/2022\/11\/meton2-576x1024.jpg\" alt=\"\" class=\"wp-image-877\" srcset=\"https:\/\/zozimotavares.com\/site\/wp-content\/uploads\/2022\/11\/meton2-576x1024.jpg 576w, https:\/\/zozimotavares.com\/site\/wp-content\/uploads\/2022\/11\/meton2-169x300.jpg 169w, https:\/\/zozimotavares.com\/site\/wp-content\/uploads\/2022\/11\/meton2-768x1365.jpg 768w, https:\/\/zozimotavares.com\/site\/wp-content\/uploads\/2022\/11\/meton2-864x1536.jpg 864w, https:\/\/zozimotavares.com\/site\/wp-content\/uploads\/2022\/11\/meton2-82x146.jpg 82w, https:\/\/zozimotavares.com\/site\/wp-content\/uploads\/2022\/11\/meton2-28x50.jpg 28w, https:\/\/zozimotavares.com\/site\/wp-content\/uploads\/2022\/11\/meton2-42x75.jpg 42w, https:\/\/zozimotavares.com\/site\/wp-content\/uploads\/2022\/11\/meton2.jpg 900w\" sizes=\"auto, (max-width:767px) 480px, 576px\" \/><figcaption><em>Capa do livro do desembargador Meton<\/em><\/figcaption><\/figure>\n","protected":false},"excerpt":{"rendered":"<p>Era 1982. No dia 21 de outubro, com 26 anos, ele tomava posse no cargo de juiz do Trabalho no TRT da 7\u00aa Regi\u00e3o, sediado em<span class=\"excerpt-hellip\"> [\u2026]<\/span><\/p>\n","protected":false},"author":2,"featured_media":875,"comment_status":"open","ping_status":"open","sticky":false,"template":"","format":"standard","meta":{"footnotes":""},"categories":[21,80],"tags":[31,152,153],"class_list":["post-874","post","type-post","status-publish","format-standard","has-post-thumbnail","hentry","category-alem-do-fato","category-critica","tag-livro","tag-meton","tag-trt-piaui"],"_links":{"self":[{"href":"https:\/\/zozimotavares.com\/site\/wp-json\/wp\/v2\/posts\/874","targetHints":{"allow":["GET"]}}],"collection":[{"href":"https:\/\/zozimotavares.com\/site\/wp-json\/wp\/v2\/posts"}],"about":[{"href":"https:\/\/zozimotavares.com\/site\/wp-json\/wp\/v2\/types\/post"}],"author":[{"embeddable":true,"href":"https:\/\/zozimotavares.com\/site\/wp-json\/wp\/v2\/users\/2"}],"replies":[{"embeddable":true,"href":"https:\/\/zozimotavares.com\/site\/wp-json\/wp\/v2\/comments?post=874"}],"version-history":[{"count":5,"href":"https:\/\/zozimotavares.com\/site\/wp-json\/wp\/v2\/posts\/874\/revisions"}],"predecessor-version":[{"id":883,"href":"https:\/\/zozimotavares.com\/site\/wp-json\/wp\/v2\/posts\/874\/revisions\/883"}],"wp:featuredmedia":[{"embeddable":true,"href":"https:\/\/zozimotavares.com\/site\/wp-json\/wp\/v2\/media\/875"}],"wp:attachment":[{"href":"https:\/\/zozimotavares.com\/site\/wp-json\/wp\/v2\/media?parent=874"}],"wp:term":[{"taxonomy":"category","embeddable":true,"href":"https:\/\/zozimotavares.com\/site\/wp-json\/wp\/v2\/categories?post=874"},{"taxonomy":"post_tag","embeddable":true,"href":"https:\/\/zozimotavares.com\/site\/wp-json\/wp\/v2\/tags?post=874"}],"curies":[{"name":"wp","href":"https:\/\/api.w.org\/{rel}","templated":true}]}}