{"id":859,"date":"2022-11-13T07:00:00","date_gmt":"2022-11-13T10:00:00","guid":{"rendered":"https:\/\/zozimotavares.com\/site\/?p=859"},"modified":"2022-11-13T07:22:24","modified_gmt":"2022-11-13T10:22:24","slug":"o-piaui-pode-mais","status":"publish","type":"post","link":"https:\/\/zozimotavares.com\/site\/2022\/11\/13\/o-piaui-pode-mais\/","title":{"rendered":"O Piau\u00ed pode mais!"},"content":{"rendered":"\n<p>Passada a elei\u00e7\u00e3o, proclamado o resultado, \u00e9 hora de deixar a poeira sentar e planejar as primeiras a\u00e7\u00f5es dos eleitos, certo? N\u00e3o! Errado! No Piau\u00ed, onde os rec\u00e9m-eleitos nem foram diplomados ainda, \u00e9 hora de falar j\u00e1 da pr\u00f3xima elei\u00e7\u00e3o municipal&#8230;<\/p>\n\n\n\n<p>Ora, especular sobre a pr\u00f3xima elei\u00e7\u00e3o a estas alturas \u00e9 um desservi\u00e7o ao Piau\u00ed. E essa ladainha vem sendo repetida h\u00e1 anos, sem o menor pudor.<\/p>\n\n\n\n<p>O Piau\u00ed acaba de sair de uma campanha eleitoral. O Estado passou um ano e meio inteiramente voltado para a campanha pol\u00edtica.<\/p>\n\n\n\n<p>Mas parece que os analistas pol\u00edticos n\u00e3o se fartaram disso. E parece, tamb\u00e9m, que eles nasceram de sete meses. Est\u00e3o sempre muito apressadinhos.<\/p>\n\n\n\n<p>O momento exige outra coisa dos pol\u00edticos e dos analistas: \u00e9 que as for\u00e7as pol\u00edticas do Piau\u00ed se unam em torno dos objetivos e das prioridades do Estado.<\/p>\n\n\n\n<p>E isso \u00e9 algo que as lideran\u00e7as pol\u00edticas piauienses v\u00eam continuamente negligenciando.<\/p>\n\n\n\n<p>A hora, ent\u00e3o, \u00e9 de aproveitar o ano de 2023, de entressafra eleitoral, para trabalhar e deixar trabalhar.<\/p>\n\n\n\n<p><strong>Mudan\u00e7a de mentalidade<\/strong><\/p>\n\n\n\n<p>O Piau\u00ed se apresenta, neste instante, com uma configura\u00e7\u00e3o pol\u00edtica amplamente favor\u00e1vel \u00e0 busca de um novo projeto de desenvolvimento.<\/p>\n\n\n\n<p>O governador eleito, Rafael Fonteles, saiu das urnas extraordinariamente fortalecido pela sua expressiva vota\u00e7\u00e3o e vai governar com o apoio do presidente Lula.<\/p>\n\n\n\n<p>Cabe a ele, em primeiro lugar, a tarefa de liderar o processo de mudan\u00e7a da mentalidade pol\u00edtica das lideran\u00e7as piauienses.<\/p>\n\n\n\n<p>A n\u00e3o ser que, ainda no come\u00e7o de uma promissora carreira pol\u00edtica, se contente em repetir o desperd\u00edcio de oportunidades que se fez regra nas \u00faltimas d\u00e9cadas no Piau\u00ed <\/p>\n\n\n\n<p><strong>Obras inacabadas<\/strong><\/p>\n\n\n\n<p>O Estado tem dois grandes projetos de irriga\u00e7\u00e3o no rio Parna\u00edba \u2013 Tabuleiros Litor\u00e2neos e Plat\u00f4s de Guadalupe, ambos inacabados.<\/p>\n\n\n\n<p>S\u00e3o dois gigantescos projetos  iniciados na \u00e9poca do governo Sarney e do segundo mandato do governador Alberto Silva, e que v\u00eam se arrastando at\u00e9 hoje, por falta de empenho das lideran\u00e7as estaduais.<\/p>\n\n\n\n<p>Se concluidos, eles v\u00e3o mudar a realidade do abastecimento de alimentos org\u00e2nicos no Piau\u00ed.<\/p>\n\n\n\n<p>A ferrovia Transnordestina precisa ser conclu\u00edda no trecho Pec\u00e9m-Eliseu Martins.<\/p>\n\n\n\n<p>As duplica\u00e7\u00f5es das BRs 316 at\u00e9 Estaca Zero e 343 at\u00e9 Campo Maior s\u00e3o uma imperiosa necessidade. Este projeto, particularmente, esteve no centro das aten\u00e7\u00f5es do senador Elmano F\u00e9rrer. Da atual bancada federal &#8211; justi\u00e7a seja feita &#8211; ele foi um dos poucos preocupados com obras estruturantes.<\/p>\n\n\n\n<p>Fico apenas nestes exemplos para concluir que a pulveriza\u00e7\u00e3o de recursos p\u00fablicos na constru\u00e7\u00e3o de cal\u00e7amento, como vem sendo feita, tem l\u00e1 sua utilidade, mas n\u00e3o vai retirar o Piau\u00ed do atraso. N\u00e3o pavimenta o seu desenvolvimento nem vai lev\u00e1-lo a lugar algum.<\/p>\n\n\n\n<p><strong>A for\u00e7a da bancada federal<\/strong><\/p>\n\n\n\n<p>A bancada federal do Piau\u00ed conta com membros atuantes e com destaque na pol\u00edtica nacional.<\/p>\n\n\n\n<p>\u00c9 o caso do senador Ciro Nogueira (Progressistas), ministro-chefe da Casa Civil. Em janeiro, ele perde o cargo no governo, mas n\u00e3o perde sua influ\u00eancia no Congresso Nacional.<\/p>\n\n\n\n<p>\u00c9 o caso, tamb\u00e9m, do senador Marcelo Castro (MDB), relator-geral do Or\u00e7amento Federal para 2023.<\/p>\n\n\n\n<p>E \u00e9 o caso, ainda, do senador eleito Wellington Dias (PT), em franca ascens\u00e3o na pol\u00edtica nacional.<\/p>\n\n\n\n<p>Os tr\u00eas, mais os membros da C\u00e2mara Federal, poder\u00e3o se unir ao governador Rafael Fonteles e maximizar seus esfor\u00e7os em a\u00e7\u00f5es por obras estruturantes.<\/p>\n\n\n\n<p>Ningu\u00e9m precisa inventar nada. Basta que sigam o exemplo do Cear\u00e1. L\u00e1 os pol\u00edticos brigam nos palanques e depois da elei\u00e7\u00e3o se juntam para lutar por melhorias para o Estado.<\/p>\n\n\n\n<p>O Piau\u00ed precisa querer mais.<\/p>\n","protected":false},"excerpt":{"rendered":"<p>Passada a elei\u00e7\u00e3o, proclamado o resultado, \u00e9 hora de deixar a poeira sentar e planejar as primeiras a\u00e7\u00f5es dos eleitos, certo? N\u00e3o! Errado! No Piau\u00ed, onde<span class=\"excerpt-hellip\"> [\u2026]<\/span><\/p>\n","protected":false},"author":2,"featured_media":861,"comment_status":"open","ping_status":"open","sticky":false,"template":"","format":"standard","meta":{"footnotes":""},"categories":[21,23],"tags":[28,150,151],"class_list":["post-859","post","type-post","status-publish","format-standard","has-post-thumbnail","hentry","category-alem-do-fato","category-artigos","tag-piaui","tag-projetos-estruturantes","tag-rafael-fonteles-2"],"_links":{"self":[{"href":"https:\/\/zozimotavares.com\/site\/wp-json\/wp\/v2\/posts\/859","targetHints":{"allow":["GET"]}}],"collection":[{"href":"https:\/\/zozimotavares.com\/site\/wp-json\/wp\/v2\/posts"}],"about":[{"href":"https:\/\/zozimotavares.com\/site\/wp-json\/wp\/v2\/types\/post"}],"author":[{"embeddable":true,"href":"https:\/\/zozimotavares.com\/site\/wp-json\/wp\/v2\/users\/2"}],"replies":[{"embeddable":true,"href":"https:\/\/zozimotavares.com\/site\/wp-json\/wp\/v2\/comments?post=859"}],"version-history":[{"count":7,"href":"https:\/\/zozimotavares.com\/site\/wp-json\/wp\/v2\/posts\/859\/revisions"}],"predecessor-version":[{"id":872,"href":"https:\/\/zozimotavares.com\/site\/wp-json\/wp\/v2\/posts\/859\/revisions\/872"}],"wp:featuredmedia":[{"embeddable":true,"href":"https:\/\/zozimotavares.com\/site\/wp-json\/wp\/v2\/media\/861"}],"wp:attachment":[{"href":"https:\/\/zozimotavares.com\/site\/wp-json\/wp\/v2\/media?parent=859"}],"wp:term":[{"taxonomy":"category","embeddable":true,"href":"https:\/\/zozimotavares.com\/site\/wp-json\/wp\/v2\/categories?post=859"},{"taxonomy":"post_tag","embeddable":true,"href":"https:\/\/zozimotavares.com\/site\/wp-json\/wp\/v2\/tags?post=859"}],"curies":[{"name":"wp","href":"https:\/\/api.w.org\/{rel}","templated":true}]}}