{"id":647,"date":"2021-11-06T16:39:59","date_gmt":"2021-11-06T19:39:59","guid":{"rendered":"https:\/\/zozimotavares.com\/site\/?p=647"},"modified":"2021-11-06T17:07:59","modified_gmt":"2021-11-06T20:07:59","slug":"queda-do-governador-mao-santa-faz-20-anos","status":"publish","type":"post","link":"https:\/\/zozimotavares.com\/site\/2021\/11\/06\/queda-do-governador-mao-santa-faz-20-anos\/","title":{"rendered":"Queda do governador M\u00e3o Santa faz 20 anos"},"content":{"rendered":"\n<figure class=\"wp-block-image size-large\"><img loading=\"lazy\" decoding=\"async\" width=\"1024\" height=\"768\" src=\"https:\/\/zozimotavares.com\/site\/wp-content\/uploads\/2021\/11\/queda-mao-santa1-1024x768.jpg\" alt=\"\" class=\"wp-image-648\" srcset=\"https:\/\/zozimotavares.com\/site\/wp-content\/uploads\/2021\/11\/queda-mao-santa1-1024x768.jpg 1024w, https:\/\/zozimotavares.com\/site\/wp-content\/uploads\/2021\/11\/queda-mao-santa1-300x225.jpg 300w, https:\/\/zozimotavares.com\/site\/wp-content\/uploads\/2021\/11\/queda-mao-santa1-768x576.jpg 768w, https:\/\/zozimotavares.com\/site\/wp-content\/uploads\/2021\/11\/queda-mao-santa1-195x146.jpg 195w, https:\/\/zozimotavares.com\/site\/wp-content\/uploads\/2021\/11\/queda-mao-santa1-50x38.jpg 50w, https:\/\/zozimotavares.com\/site\/wp-content\/uploads\/2021\/11\/queda-mao-santa1-100x75.jpg 100w, https:\/\/zozimotavares.com\/site\/wp-content\/uploads\/2021\/11\/queda-mao-santa1.jpg 1280w\" sizes=\"auto, (max-width:767px) 480px, (max-width:1024px) 100vw, 1024px\" \/><figcaption><em>Nos jardins do Karnak, o governador tentou resistir \u00e0 cassa\u00e7\u00e3o com o apoio popular. Imagem: Francisco Gil\u00e1sio\/DP<\/em><\/figcaption><\/figure>\n\n\n\n<p><\/p>\n\n\n\n<p><\/p>\n\n\n\n<p>Aquele 6 de novembro de 2001 chegava com uma manh\u00e3 ensolarada, sem o menor sinal de mudan\u00e7as clim\u00e1ticas e muito menos na rotina pol\u00edtica e administrativa do Piau\u00ed.<\/p>\n\n\n\n<p>Cinco dias antes, no dia 1\u00ba de novembro, uma quinta-feira, v\u00e9spera do feriado do Dia de Finados, o Pal\u00e1cio de Karnak recebeu a informa\u00e7\u00e3o de Bras\u00edlia de que o processo de cassa\u00e7\u00e3o do mandato do governador M\u00e3o Santa seria julgado na ter\u00e7a-feira, dia 6.<\/p>\n\n\n\n<p>M\u00e3o Santa estava no interior do Estado, em mais uma de suas incont\u00e1veis maratonas de viagens que fazia aos munic\u00edpios, e n\u00e3o tomou conhecimento do aviso.<\/p>\n\n\n\n<p>Ele s\u00f3 soube do comunicado na segunda-feira, dia 5, e viajou a Bras\u00edlia no dia seguinte, com o irm\u00e3o Paulo de Tarso Moraes Souza, secret\u00e1rio de Fazenda, e o vice-governador Osmar J\u00fanior (PCdoB), para acompanhar de perto o julgamento do processo.<\/p>\n\n\n\n<p>Na viagem de Teresina a Bras\u00edlia, o deputado federal Jo\u00e3o Henrique Sousa, correligion\u00e1rio de M\u00e3o Santa (e que seria nomeado ministro dos Transportes no come\u00e7o de 2002), vaticinava sobre o resultado do julgamento no TSE:<\/p>\n\n\n\n<p>&#8211; A possibilidade de o governador ser cassado hoje \u00e9 a mesma deste avi\u00e3o cair neste voo.<\/p>\n\n\n\n<p>O palpite de Jo\u00e3o Henrique estava errado: por volta das 21h30, o relator do processo no TSE, ministro Nelson Jobim, proferia o seu voto e nele pedia a cassa\u00e7\u00e3o dos mandatos do governador e de seu vice.<\/p>\n\n\n\n<p>Pouco depois, o TSE tomava, por unanimidade (7 votos a zero), a decis\u00e3o hist\u00f3rica de, pela primeira vez, cassar o mandato de um governador brasileiro eleito pelo voto popular.<\/p>\n\n\n\n<p><strong>A repercuss\u00e3o<\/strong><\/p>\n\n\n\n<p>No Piau\u00ed, a imprensa registrava o fato no dia seguinte como uma bomba de conte\u00fado pol\u00edtico t\u00e3o potente quanto a implos\u00e3o das torres g\u00eameas, em Nova Iorque, ocorrida menos de dois meses antes.<\/p>\n\n\n\n<p>J\u00e1 na manh\u00e3 do dia 7, o caos estava estabelecido nos meios pol\u00edticos e administrativos do Estado. Nas reparti\u00e7\u00f5es p\u00fablicas, ningu\u00e9m mais se entendia.<\/p>\n\n\n\n<p>As emissoras de r\u00e1dio e televis\u00e3o, diante do ineditismo do fato, faziam uma cobertura excitada e ca\u00f3tica do epis\u00f3dio, com mais palpites do que informa\u00e7\u00f5es.<\/p>\n\n\n\n<p>Os jornais impressos tamb\u00e9m estavam tontos, contudo, dispunham de mais tempo para apurar os fatos e encontrar o fio da meada. Eu era editor-chefe do <em>Di\u00e1rio do Povo<\/em>.<\/p>\n\n\n\n<p>Grupos de secret\u00e1rios e pol\u00edticos se deslocavam \u00e0 casa do governador para prestar solidariedade a dona Adalgisa, a primeira-dama, que comandava com discri\u00e7\u00e3o e pulso firme uma banda do governo.<\/p>\n\n\n\n<p>No Senado, Hugo Napole\u00e3o fazia o discurso de despedida. Ele recebeu apartes de v\u00e1rios colegas, por\u00e9m, o que mais repercutiu no Piau\u00ed foi o do senador Alberto Silva, presidente regional do PMDB.<\/p>\n\n\n\n<p>Ao inv\u00e9s de se solidarizar com o governador cassado, ele n\u00e3o apenas desejava boa sorte ao novo governante, como se oferecia para colaborar com o seu governo na condi\u00e7\u00e3o de engenheiro.<\/p>\n\n\n\n<p><strong>Mudan\u00e7a de rota<\/strong><\/p>\n\n\n\n<p>No dia 8, atrav\u00e9s de um recurso apresentado ao Tribunal Regional Eleitoral, os advogados de M\u00e3o Santa conseguiram suspender a posse de Hugo, marcada para o dia seguinte, uma sexta-feira.<\/p>\n\n\n\n<p>O TRE decidiu convocar o presidente da Assembleia Legislativa, deputado Kleber Eul\u00e1lio (PMDB), para assumir interinamente o governo.<\/p>\n\n\n\n<p>Hugo s\u00f3 viria a tomar posse no Governo do Piau\u00ed em 19 de novembro, para um mandato-tamp\u00e3o de pouco mais de um ano.<\/p>\n\n\n\n<p>A queda de M\u00e3o santa teve muitos desdobramentos na pol\u00edtica estadual naqueles dias, nas elei\u00e7\u00f5es seguintes e anos afora.<\/p>\n\n\n\n<p><strong>O processo<\/strong><\/p>\n\n\n\n<p>Concorrendo \u00e0 reelei\u00e7\u00e3o, o M\u00e3o Santa venceu o senador Hugo Napole\u00e3o, no segundo turno da elei\u00e7\u00e3o de 1998, por uma diferen\u00e7a de 23.91 votos, num universo de 1.250.563 votos v\u00e1lidos.<\/p>\n\n\n\n<p>O processo contra o mandato de M\u00e3o Santa, de mais de 800 p\u00e1ginas, deu o primeiro passo logo depois da elei\u00e7\u00e3o, quando a assessoria jur\u00eddica do PFL o bombardeou com v\u00e1rias a\u00e7\u00f5es.<\/p>\n\n\n\n<p>No dia 6 de mar\u00e7o de 1999, por 5 votos a 1, o TRE julgava improcedente o pedido de cassa\u00e7\u00e3o do mandato do governador. O PFL recorreu para Bras\u00edlia. E l\u00e1 o jogo foi virado.<\/p>\n\n\n\n<p>Em sua decis\u00e3o de 81 p\u00e1ginas, o TSE apontava tr\u00eas irregularidades que determinaram a cassa\u00e7\u00e3o dos mandatos do governador e de seu vice, por abuso de poder econ\u00f4mico e pol\u00edtico: a) a distribui\u00e7\u00e3o de medicamentos; b) contrata\u00e7\u00e3o de cabos eleitorais para ocupa\u00e7\u00e3o de cargos comissionados e c) anistia de contas de \u00e1gua.<\/p>\n\n\n\n<p>Al\u00e9m destes, um outro conjunto de fatos foi mostrado no processo, mas, no julgamento do ministro relator, n\u00e3o teriam for\u00e7a suficiente para influenciar no resultado das elei\u00e7\u00f5es.<\/p>\n\n\n\n<p>Foram eles: a) distribui\u00e7\u00e3o de cartilhas intituladas \u201cM\u00e3os que trabalham\u201d e b) distribui\u00e7\u00e3o de cartilhas de divulga\u00e7\u00e3o de programa de assist\u00eancia social.<\/p>\n\n\n\n<p>O ministro enumerou, ainda, veicula\u00e7\u00e3o de pe\u00e7as propaganda oficial sobre os feitos da administra\u00e7\u00e3o estadual vinculando-se ao nome do candidato \u00e0 reelei\u00e7\u00e3o M\u00e3o Santa (\u201cSPA Santo\u201d, \u201cSopa na M\u00e3o\u201d, \u201cLuz Santa\u201d, \u201cDar as m\u00e3os\u201d).<\/p>\n\n\n\n<p>Entre as irregularidades levantadas pelo advogado Marcus Vin\u00edcius Furtado Co\u00ealho, para caracterizar o abuso do poder econ\u00f4mico do ent\u00e3o governador do Piau\u00ed, constou, ainda, a contrata\u00e7\u00e3o com recursos p\u00fablicos de bandas de forr\u00f3 e de artistas populares para animar com\u00edcios de M\u00e3o Santa.<\/p>\n\n\n\n<p>Um deles foi o cantor Reginaldo Rossi. A defesa do governador alegou que os artistas foram contratados para festas de inaugura\u00e7\u00e3o de obras p\u00fablicas.<\/p>\n\n\n\n<p>Ao todo, a acusa\u00e7\u00e3o movida pelo candidato derrotado ao Governo do Piau\u00ed, nas elei\u00e7\u00f5es de 1998, senador Hugo Napole\u00e3o (PFL), enumerou 22 den\u00fancias, mas o governador perdeu o mandato sob a acusa\u00e7\u00e3o de pr\u00e1tica dos tr\u00eas itens alinhados pelo ministro Nelson Jobim.<\/p>\n\n\n\n<p>Hoje faz 20 anos daquele fato que entrou para a hist\u00f3ria recente como a maior reviravolta pol\u00edtica do Piau\u00ed.<\/p>\n\n\n\n<p>(<em>Com informa\u00e7\u00f5es do livro \u201cAtentai bem! Assim falou M\u00e3o Santa, 2009\u201d<\/em>)<\/p>\n\n\n","protected":false},"excerpt":{"rendered":"<p>Aquele 6 de novembro de 2001 chegava com uma manh\u00e3 ensolarada, sem o menor sinal de mudan\u00e7as clim\u00e1ticas e muito menos na rotina pol\u00edtica e administrativa<span class=\"excerpt-hellip\"> [\u2026]<\/span><\/p>\n","protected":false},"author":2,"featured_media":649,"comment_status":"open","ping_status":"open","sticky":true,"template":"","format":"standard","meta":{"footnotes":""},"categories":[21,25],"tags":[],"class_list":["post-647","post","type-post","status-publish","format-standard","has-post-thumbnail","hentry","category-alem-do-fato","category-reportagens-especiais"],"_links":{"self":[{"href":"https:\/\/zozimotavares.com\/site\/wp-json\/wp\/v2\/posts\/647","targetHints":{"allow":["GET"]}}],"collection":[{"href":"https:\/\/zozimotavares.com\/site\/wp-json\/wp\/v2\/posts"}],"about":[{"href":"https:\/\/zozimotavares.com\/site\/wp-json\/wp\/v2\/types\/post"}],"author":[{"embeddable":true,"href":"https:\/\/zozimotavares.com\/site\/wp-json\/wp\/v2\/users\/2"}],"replies":[{"embeddable":true,"href":"https:\/\/zozimotavares.com\/site\/wp-json\/wp\/v2\/comments?post=647"}],"version-history":[{"count":3,"href":"https:\/\/zozimotavares.com\/site\/wp-json\/wp\/v2\/posts\/647\/revisions"}],"predecessor-version":[{"id":653,"href":"https:\/\/zozimotavares.com\/site\/wp-json\/wp\/v2\/posts\/647\/revisions\/653"}],"wp:featuredmedia":[{"embeddable":true,"href":"https:\/\/zozimotavares.com\/site\/wp-json\/wp\/v2\/media\/649"}],"wp:attachment":[{"href":"https:\/\/zozimotavares.com\/site\/wp-json\/wp\/v2\/media?parent=647"}],"wp:term":[{"taxonomy":"category","embeddable":true,"href":"https:\/\/zozimotavares.com\/site\/wp-json\/wp\/v2\/categories?post=647"},{"taxonomy":"post_tag","embeddable":true,"href":"https:\/\/zozimotavares.com\/site\/wp-json\/wp\/v2\/tags?post=647"}],"curies":[{"name":"wp","href":"https:\/\/api.w.org\/{rel}","templated":true}]}}