{"id":1609,"date":"2026-09-05T06:47:24","date_gmt":"2026-09-05T09:47:24","guid":{"rendered":"https:\/\/zozimotavares.com\/site\/?p=1609"},"modified":"2026-09-05T06:48:51","modified_gmt":"2026-09-05T09:48:51","slug":"nas-ondas-do-radio-6-breve-historia-da-difusora-1","status":"publish","type":"post","link":"https:\/\/zozimotavares.com\/site\/2026\/09\/05\/nas-ondas-do-radio-6-breve-historia-da-difusora-1\/","title":{"rendered":"NAS ONDAS DO R\u00c1DIO (6) \u2013 Breve hist\u00f3ria da Difusora &#8211; 1"},"content":{"rendered":"\n<p><\/p>\n\n\n\n<p>Antes de avan\u00e7ar nas mem\u00f3rias sobre meus primeiros anos na Difusora, no in\u00edcio da d\u00e9cada de 1980, devo recuar um pouco mais no tempo e contar um pouco da longa hist\u00f3ria da emissora, a primeira de Teresina.<\/p>\n\n\n\n<p>Para tanto, recorro inicialmente a pesquisa do professor e historiador Aminthas Floriano Filho, aposentado da Universidade Federal do Piau\u00ed e irm\u00e3o do radialista Jos\u00e9 Raimundo Teixeira e Silva (1932-2015), que marcou \u00e9poca na Era de Ouro do R\u00e1dio.<\/p>\n\n\n\n<p>Conta o professor Aminthas Floriano Filho: \u201c<em>Inicialmente, a Difusora foi instalada \u00e0 Rua Areolino de Abreu, sendo adaptada num pr\u00e9dio de dois andares, um audit\u00f3rio de 50 cadeiras, com palco, discoteca, bilheteria, salas de ensaio e um escrit\u00f3rio de que participavam Leni Leite, In\u00eas Carvalho, Helo\u00edsa Helena, o administrador Viegas e o contador Edmilson Carneiro<\/em>\u201d.<\/p>\n\n\n\n<p>Ele continua:<\/p>\n\n\n\n<p>\u201c<em>No mesmo pr\u00e9dio, funcionava o escrit\u00f3rio da empresa Raul Leite, com Alu\u00edsio Parentes Sampaio e Joaquim Luiz Furtado. Na parte superior, residia a fam\u00edlia do superintendente da emissora, Alcenor Neves Madeira. Tudo isso no in\u00edcio de 1946 at\u00e9 1947, quando a r\u00e1dio esteve em regime experimental, com os locutores Luciano Freitas, Rodrigues Filho e <strong>J.R. Silva<\/strong>, transmitindo o prefixo da emissora, m\u00fasicas e fazendo r\u00e1dio-farol para Aerovias Brasil, usando sua pr\u00f3pria energia vinda dos geradores, que ficavam no bairro Piraj\u00e1, pois Teresina, \u00e0quela \u00e9poca, s\u00f3 tinha luz e for\u00e7a das 18hs \u00e0s 22hs, precariamente<\/em>\u201d.<\/p>\n\n\n\n<p>O professor Aminthas conta, ainda:<\/p>\n\n\n\n<p>\u201c<em>Em l948, t\u00eam in\u00edcio definitivo as transmiss\u00f5es da R\u00e1dio Difusora de Teresina, com os prefixos ZYQ-3 e ZYU-8 e a ben\u00e7\u00e3o dos transmissores no Piraj\u00e1 feita pelo Padre Ant\u00f4nio Jos\u00e9 do Rego, representando o Bispo de Teresina, Dom Severino Vieira de Melo. Na ocasi\u00e3o, fizeram-se presentes o Governador Jos\u00e9 da Rocha Furtado, Agenor Barbosa de Almeida, Secret\u00e1rio Geral do Governo, autoridades, acionistas e convidados<\/em>\u201d.<\/p>\n\n\n\n<p>A partir da\u00ed, conforme o relato do pesquisador, \u201c<em>a Difusora passou a ter comerciais, programas de not\u00edcias, humor\u00edsticos com Sans\u00e3o Santos e Silva, o Guarani, Orlando Queiroz Galv\u00e3o, o Tupi e Coronel Narcisinho, que era Narciso da Silva Lustosa, novelas e de audit\u00f3rio com Rodrigues Filho, Al Lebre, Trindade J\u00fanior, Henri Nelson, o esportivo com Carlos Said, Aranha Ara\u00fajo, Trindade J\u00fanior, Rodrigues Filho, Jaime de Campos, Fernando Mendes, Od\u00edlio Teixeira, Denis Clark, Val\u00e9rio Chaves, Carlos Augusto, Deusdeth Nunes, Alexandre Carvalho, Weiden Cunha, Paulo Henrique, Alfredo Nunes, e fazendo at\u00e9 transmiss\u00f5es de outros Estados<\/em>\u201d.<\/p>\n\n\n\n<p>S\u00e1bado tem mais!<\/p>\n","protected":false},"excerpt":{"rendered":"<p>Antes de avan\u00e7ar nas mem\u00f3rias sobre meus primeiros anos na Difusora, no in\u00edcio da d\u00e9cada de 1980, devo recuar um pouco mais no tempo e contar<span class=\"excerpt-hellip\"> [\u2026]<\/span><\/p>\n","protected":false},"author":2,"featured_media":1610,"comment_status":"closed","ping_status":"closed","sticky":false,"template":"","format":"standard","meta":{"footnotes":""},"categories":[29],"tags":[321,95,277,50],"class_list":["post-1609","post","type-post","status-publish","format-standard","has-post-thumbnail","hentry","category-memorias","tag-difusora","tag-historia","tag-radio-2","tag-teresina"],"_links":{"self":[{"href":"https:\/\/zozimotavares.com\/site\/wp-json\/wp\/v2\/posts\/1609","targetHints":{"allow":["GET"]}}],"collection":[{"href":"https:\/\/zozimotavares.com\/site\/wp-json\/wp\/v2\/posts"}],"about":[{"href":"https:\/\/zozimotavares.com\/site\/wp-json\/wp\/v2\/types\/post"}],"author":[{"embeddable":true,"href":"https:\/\/zozimotavares.com\/site\/wp-json\/wp\/v2\/users\/2"}],"replies":[{"embeddable":true,"href":"https:\/\/zozimotavares.com\/site\/wp-json\/wp\/v2\/comments?post=1609"}],"version-history":[{"count":2,"href":"https:\/\/zozimotavares.com\/site\/wp-json\/wp\/v2\/posts\/1609\/revisions"}],"predecessor-version":[{"id":1612,"href":"https:\/\/zozimotavares.com\/site\/wp-json\/wp\/v2\/posts\/1609\/revisions\/1612"}],"wp:featuredmedia":[{"embeddable":true,"href":"https:\/\/zozimotavares.com\/site\/wp-json\/wp\/v2\/media\/1610"}],"wp:attachment":[{"href":"https:\/\/zozimotavares.com\/site\/wp-json\/wp\/v2\/media?parent=1609"}],"wp:term":[{"taxonomy":"category","embeddable":true,"href":"https:\/\/zozimotavares.com\/site\/wp-json\/wp\/v2\/categories?post=1609"},{"taxonomy":"post_tag","embeddable":true,"href":"https:\/\/zozimotavares.com\/site\/wp-json\/wp\/v2\/tags?post=1609"}],"curies":[{"name":"wp","href":"https:\/\/api.w.org\/{rel}","templated":true}]}}