{"id":1525,"date":"2026-05-01T09:31:00","date_gmt":"2026-05-01T12:31:00","guid":{"rendered":"https:\/\/zozimotavares.com\/site\/?p=1525"},"modified":"2026-05-01T13:04:12","modified_gmt":"2026-05-01T16:04:12","slug":"associacao-reabilitar-20-anos-de-bons-servicos","status":"publish","type":"post","link":"https:\/\/zozimotavares.com\/site\/2026\/05\/01\/associacao-reabilitar-20-anos-de-bons-servicos\/","title":{"rendered":"Associa\u00e7\u00e3o Reabilitar: 20 anos de bons servi\u00e7os"},"content":{"rendered":"\n<p><em>O trabalho da entidade \u00e9 focado na reabilita\u00e7\u00e3o e inclus\u00e3o social.<\/em><\/p>\n\n\n\n<p><\/p>\n\n\n\n<p><\/p>\n\n\n\n<p>As organiza\u00e7\u00f5es do terceiro setor foram idealizadas para complementar as a\u00e7\u00f5es do Estado e atender demandas que muitas vezes n\u00e3o s\u00e3o plenamente supridas pelo setor p\u00fablico.<\/p>\n\n\n\n<p>Uma de suas principais vantagens \u00e9 a desburocratiza\u00e7\u00e3o dos servi\u00e7os, j\u00e1 que possuem maior flexibilidade administrativa.<\/p>\n\n\n\n<p>Isso facilita a implementa\u00e7\u00e3o de solu\u00e7\u00f5es mais \u00e1geis e adaptadas \u00e0s necessidades da popula\u00e7\u00e3o.<\/p>\n\n\n\n<p>Al\u00e9m disso, destacam-se pela maior rapidez no atendimento, reduzindo filas e tempo de espera, especialmente em \u00e1reas sens\u00edveis como sa\u00fade, assist\u00eancia social e educa\u00e7\u00e3o.<\/p>\n\n\n\n<p>Outro ponto relevante \u00e9 a qualidade dos servi\u00e7os prestados, frequentemente marcada por um atendimento mais humanizado, pr\u00f3ximo da comunidade e orientado por prop\u00f3sito social.<\/p>\n\n\n\n<p>Dessa forma, o terceiro setor contribui significativamente para a promo\u00e7\u00e3o do bem-estar social e para a constru\u00e7\u00e3o de uma sociedade mais justa e eficiente.<\/p>\n\n\n\n<p>Quando o prestador de servi\u00e7o do terceiro setor n\u00e3o faz essa entrega \u00e9 porque, por algum motivo, houve desvio de fun\u00e7\u00e3o.<\/p>\n\n\n\n<p><strong>Celebra\u00e7\u00e3o<\/strong><\/p>\n\n\n\n<p>Segunda-feira passada (27\/04), participei de prestigiada cerim\u00f4nia, realizada \u00e0 noite, no Cineteatro do Sesc Caju\u00edna, para celebrar os 20 anos da <strong>Associa\u00e7\u00e3o Reabilitar <\/strong>\u2013 oficialmente<strong> <\/strong>Associa\u00e7\u00e3o Piauiense de Habilita\u00e7\u00e3o, Reabilita\u00e7\u00e3o e Readapta\u00e7\u00e3o<strong>.<\/strong><\/p>\n\n\n\n<p>O evento come\u00e7ou com a proje\u00e7\u00e3o de um document\u00e1rio sobre a atua\u00e7\u00e3o da entidade, seguiu-se com os discursos e foi encerrado com show do humorista Jo\u00e3o Cl\u00e1udio Moreno.<\/p>\n\n\n\n<p>Fundada em 2006, com sede em Teresina, a Associa\u00e7\u00e3o atua como uma Organiza\u00e7\u00e3o Social (OS) sem fins lucrativos, focada na reabilita\u00e7\u00e3o f\u00edsica e inclus\u00e3o social.<\/p>\n\n\n\n<p>A entidade nasceu com os objetivos de apoiar, desenvolver e gerenciar projetos e a\u00e7\u00f5es na \u00e1rea de sa\u00fade, bem como para promover a inclus\u00e3o social.<\/p>\n\n\n\n<p>Ela gerencia projetos arrojados como o CEIR (Centro Integrado de Reabilita\u00e7\u00e3o) e a&nbsp;Nova Maternidade Dona Evangelina Rosa&nbsp;em parceria com o Governo do Estado.<\/p>\n\n\n\n<p>No trabalho para melhorar o acesso da popula\u00e7\u00e3o piauiense ao direito b\u00e1sico de ter uma sa\u00fade p\u00fablica de qualidade, a Associa\u00e7\u00e3o Reabilitar prioriza um atendimento humanizado e de excel\u00eancia, norteado pelo lema \u201cCuidando e transformando vidas\u201d.<\/p>\n\n\n\n<p>A institui\u00e7\u00e3o \u00e9 qualificada nas esferas estadual e municipal como Organiza\u00e7\u00e3o Social (OSS) e de Utilidade P\u00fablica por sua experi\u00eancia na administra\u00e7\u00e3o de servi\u00e7os de sa\u00fade, atuando por meio de contratos de gest\u00e3o e conv\u00eanios em parceria com o Poder P\u00fablico.<\/p>\n\n\n\n<p>A excel\u00eancia do trabalho realizado e a capacidade t\u00e9cnica de gest\u00e3o da Associa\u00e7\u00e3o Reabilitar tamb\u00e9m s\u00e3o reconhecidas pelo Minist\u00e9rio da Sa\u00fade, por meio do Certificado de Entidade Beneficente de Assist\u00eancia Social na \u00c1rea de Sa\u00fade \u2013 CEBAS.<\/p>\n\n\n\n<p><strong>Projetos<\/strong><\/p>\n\n\n\n<p>Ao longo de duas d\u00e9cadas de atividade, a Associa\u00e7\u00e3o Reabilitar, idealizada pelo m\u00e9dico neurocirurgi\u00e3o Benjamim Pessoa Vale, acumula experi\u00eancias e projetos que s\u00e3o reconhecidos como modelos de gest\u00e3o.<\/p>\n\n\n\n<p>A preven\u00e7\u00e3o foi a primeira \u00e1rea de atua\u00e7\u00e3o da Associa\u00e7\u00e3o Reabilitar, por meio dos projetos \u201cPense Bem AVC\u201d e \u201cPense Bem Trauma\u201d.<\/p>\n\n\n\n<p>Ambos realizam palestras educativas gratuitas \u00e0 popula\u00e7\u00e3o, alertando sobre medidas simples para evitar a ocorr\u00eancia e as sequelas do Acidente Vascular Cerebral e dos traumas na cabe\u00e7a e na coluna.<\/p>\n\n\n\n<figure class=\"wp-block-image size-large\"><img loading=\"lazy\" decoding=\"async\" width=\"1024\" height=\"683\" src=\"https:\/\/zozimotavares.com\/site\/wp-content\/uploads\/2026\/05\/Dr.-Benjamin-1024x683.webp\" alt=\"\" class=\"wp-image-1527\" srcset=\"https:\/\/zozimotavares.com\/site\/wp-content\/uploads\/2026\/05\/Dr.-Benjamin-1024x683.webp 1024w, https:\/\/zozimotavares.com\/site\/wp-content\/uploads\/2026\/05\/Dr.-Benjamin-300x200.webp 300w, https:\/\/zozimotavares.com\/site\/wp-content\/uploads\/2026\/05\/Dr.-Benjamin-768x512.webp 768w, https:\/\/zozimotavares.com\/site\/wp-content\/uploads\/2026\/05\/Dr.-Benjamin-1536x1024.webp 1536w, https:\/\/zozimotavares.com\/site\/wp-content\/uploads\/2026\/05\/Dr.-Benjamin-2048x1366.webp 2048w, https:\/\/zozimotavares.com\/site\/wp-content\/uploads\/2026\/05\/Dr.-Benjamin-112x75.webp 112w, https:\/\/zozimotavares.com\/site\/wp-content\/uploads\/2026\/05\/Dr.-Benjamin-480x320.webp 480w\" sizes=\"auto, (max-width:767px) 480px, (max-width:1024px) 100vw, 1024px\" \/><\/figure>\n\n\n\n<p><em>Dr. Benjamim Pessoa Vale, idealizador da Associa\u00e7\u00e3o Reabilitar\/Imagem: Instituto de Neuroci\u00eancia<\/em>s<\/p>\n\n\n\n<p><strong>CEIR<\/strong><\/p>\n\n\n\n<p>Desde 2008, a institui\u00e7\u00e3o administra o maior centro de reabilita\u00e7\u00e3o de pessoas com defici\u00eancia do Piau\u00ed, somando mais de 2 milh\u00f5es de atendimentos realizados.<\/p>\n\n\n\n<p>Trata-se do Centro Integrado de Reabilita\u00e7\u00e3o (CEIR), que est\u00e1 localizado em Teresina e \u00e9 fruto de uma parceria com o Governo do Piau\u00ed e o Governo Federal.<\/p>\n\n\n\n<p>No CEIR, tamb\u00e9m funcionam a Oficina Ortop\u00e9dica e o Centro de Diagn\u00f3stico.<\/p>\n\n\n\n<p><strong>Passo \u00e0 Frente<\/strong><\/p>\n\n\n\n<p>Ainda voltada \u00e0 assist\u00eancia da pessoa com defici\u00eancia, a organiza\u00e7\u00e3o social tamb\u00e9m \u00e9 respons\u00e1vel pela gest\u00e3o do Projeto Passo \u00e0 Frente, uma a\u00e7\u00e3o do Minist\u00e9rio da Sa\u00fade em parceria com a Secretaria de Estado da Sa\u00fade do Piau\u00ed (Sesapi).<\/p>\n\n\n\n<p>O projeto leva aos munic\u00edpios piauienses uma unidade m\u00f3vel com profissionais capacitados para prescrever, tirar medidas, confeccionar e realizar a concess\u00e3o de \u00f3rteses, pr\u00f3teses e meios auxiliares de locomo\u00e7\u00e3o, de forma gratuita para a popula\u00e7\u00e3o.<\/p>\n\n\n\n<p>\u00c9 dos munic\u00edpios que saem, diariamente, pacientes do Sistema \u00danico de Sa\u00fade (SUS) para realizarem consultas e exames em Teresina, usando o Sistema Estadual de Transporte Eletivo (STE), outro servi\u00e7o administrado pela Associa\u00e7\u00e3o Reabilitar.<\/p>\n\n\n\n<p>Esse projeto atende, atualmente, a popula\u00e7\u00e3o de 24 cidades conveniadas com a Associa\u00e7\u00e3o Piauiense de Munic\u00edpios (APPM), contabilizando mais de 1 milh\u00e3o de usu\u00e1rios transportados.<\/p>\n\n\n\n<p><strong>Nova Maternidade<\/strong><\/p>\n\n\n\n<p>Em abril de 2022, a entidade assumiu um novo desafio, que foi a assinatura do contrato de parceria com o Governo do Piau\u00ed para a gest\u00e3o e aquisi\u00e7\u00e3o de equipamentos da Nova Maternidade Dona Evangelina Rosa (NMDER).<\/p>\n\n\n\n<p>A unidade de sa\u00fade \u00e9 refer\u00eancia em atendimento a gestantes e beb\u00eas de zero a 2 anos de alto risco, atrav\u00e9s da oferta de servi\u00e7os de sa\u00fade especializados de qualidade e totalmente custeados pelo SUS.<\/p>\n\n\n\n<p>Com uma infraestrutura de excel\u00eancia, equipamentos de \u00faltima gera\u00e7\u00e3o e um atendimento humanizado, a NMDER atende casos de alta complexidade, desempenhando um papel fundamental na promo\u00e7\u00e3o da sa\u00fade materno-infantil no estado do Piau\u00ed.<\/p>\n\n\n\n<p><strong>Dados dos projetos<\/strong><\/p>\n\n\n\n<p><em>CEIR<\/em>: mais de 2 milh\u00f5es de atendimentos.<\/p>\n\n\n\n<p><em>STE<\/em>: mais de 1 milh\u00e3o de transportados (1.006.648), sendo 698.498 pacientes e 308.150 acompanhantes.<\/p>\n\n\n\n<p><em>NMDER<\/em>: 253 mil atendimentos no ambulat\u00f3rio e mais de 14 mil partos.<\/p>\n\n\n\n<p><em>Passo \u00e0 Frente<\/em>: Mais de 33 mil equipamentos entregues.<\/p>\n\n\n\n<p><strong>A caminhada segue adiante<\/strong><\/p>\n\n\n\n<p>A Associa\u00e7\u00e3o Reabilitar mobiliza atualmente cerca de 2 mil colaboradores, entre eles centenas de profissionais de alta qualifica\u00e7\u00e3o em suas \u00e1reas de atua\u00e7\u00e3o.<\/p>\n\n\n\n<p>Nesta caminhada de 20 anos, a entidade orientou para a sa\u00fade,  ajudou muita gente a voltar a andar com as pr\u00f3prias pernas, aliviou o sofrimento de muitos e fez tantos outros voltarem a acreditar em si e na vida.<\/p>\n\n\n\n<p>Por meio dos projetos que abra\u00e7ou e desenvolve, a Associa\u00e7\u00e3o busca se aperfei\u00e7oar diariamente para realizar um trabalho cada vez melhor.<\/p>\n\n\n\n<p>E, nas palavras de seu idealizador, acredita \u201cna for\u00e7a de mentes e m\u00e3os unidas pelo desejo de expandir o capital social do Piau\u00ed\u201d.<\/p>\n\n\n\n<p><\/p>\n","protected":false},"excerpt":{"rendered":"<p>O trabalho da entidade \u00e9 focado na reabilita\u00e7\u00e3o e inclus\u00e3o social. As organiza\u00e7\u00f5es do terceiro setor foram idealizadas para complementar as a\u00e7\u00f5es do Estado e atender<span class=\"excerpt-hellip\"> [\u2026]<\/span><\/p>\n","protected":false},"author":2,"featured_media":1526,"comment_status":"closed","ping_status":"closed","sticky":false,"template":"","format":"standard","meta":{"footnotes":""},"categories":[25],"tags":[309,311,28,310],"class_list":["post-1525","post","type-post","status-publish","format-standard","has-post-thumbnail","hentry","category-reportagens-especiais","tag-associacao-reabilitar","tag-benjamin-vale","tag-piaui","tag-terceiro-setor"],"_links":{"self":[{"href":"https:\/\/zozimotavares.com\/site\/wp-json\/wp\/v2\/posts\/1525","targetHints":{"allow":["GET"]}}],"collection":[{"href":"https:\/\/zozimotavares.com\/site\/wp-json\/wp\/v2\/posts"}],"about":[{"href":"https:\/\/zozimotavares.com\/site\/wp-json\/wp\/v2\/types\/post"}],"author":[{"embeddable":true,"href":"https:\/\/zozimotavares.com\/site\/wp-json\/wp\/v2\/users\/2"}],"replies":[{"embeddable":true,"href":"https:\/\/zozimotavares.com\/site\/wp-json\/wp\/v2\/comments?post=1525"}],"version-history":[{"count":7,"href":"https:\/\/zozimotavares.com\/site\/wp-json\/wp\/v2\/posts\/1525\/revisions"}],"predecessor-version":[{"id":1537,"href":"https:\/\/zozimotavares.com\/site\/wp-json\/wp\/v2\/posts\/1525\/revisions\/1537"}],"wp:featuredmedia":[{"embeddable":true,"href":"https:\/\/zozimotavares.com\/site\/wp-json\/wp\/v2\/media\/1526"}],"wp:attachment":[{"href":"https:\/\/zozimotavares.com\/site\/wp-json\/wp\/v2\/media?parent=1525"}],"wp:term":[{"taxonomy":"category","embeddable":true,"href":"https:\/\/zozimotavares.com\/site\/wp-json\/wp\/v2\/categories?post=1525"},{"taxonomy":"post_tag","embeddable":true,"href":"https:\/\/zozimotavares.com\/site\/wp-json\/wp\/v2\/tags?post=1525"}],"curies":[{"name":"wp","href":"https:\/\/api.w.org\/{rel}","templated":true}]}}