{"id":1519,"date":"2026-04-26T06:00:00","date_gmt":"2026-04-26T09:00:00","guid":{"rendered":"https:\/\/zozimotavares.com\/site\/?p=1519"},"modified":"2026-04-25T20:38:05","modified_gmt":"2026-04-25T23:38:05","slug":"o-foquinha-36-a-guerra-das-malvinas","status":"publish","type":"post","link":"https:\/\/zozimotavares.com\/site\/2026\/04\/26\/o-foquinha-36-a-guerra-das-malvinas\/","title":{"rendered":"O Foquinha 36 \u2013 A Guerra das Malvinas"},"content":{"rendered":"\n<p><em>(Publicado em 26\/04\/26)<\/em><\/p>\n\n\n\n<p>Trago mais uma nota sobre a Secretaria de Comunica\u00e7\u00e3o, onde fui trabalhar no in\u00edcio de minha profiss\u00e3o, integrando a equipe do secret\u00e1rio Herculano Moraes.<\/p>\n\n\n\n<p>Em 1980, quando cheguei \u00e0 reda\u00e7\u00e3o do jornal O DIA, comentava-se com frequ\u00eancia um epis\u00f3dio recente, envolvendo o jornalista e professor Jos\u00e9 Eduardo Pereira.<\/p>\n\n\n\n<p>Era o seguinte: quando o governador Luc\u00eddio Portella criou a Secom, em 1979, Jos\u00e9 Eduardo Pereira escreveu um artigo, publicado na imprensa local, criticando a iniciativa.<\/p>\n\n\n\n<p>O governador convidou o articulista para ser o primeiro secret\u00e1rio de Comunica\u00e7\u00e3o e ele aceitou.<\/p>\n\n\n\n<p>Neste aspecto, o Dr. Z\u00e9 Eduardo Pereira antecipava em muitos anos uma frase que ganharia a m\u00eddia nacional na voz do presidente Fernando Henrique Cardoso: \u201cEsque\u00e7am o que escrevi\u201d.<\/p>\n\n\n\n<p>Muito bem! Quando cheguei \u00e0 Secom, no come\u00e7o de 1982, com a troca do comando da pasta, pois o Dr. Z\u00e9 Eduardo foi remanejado para a Secretaria de Seguran\u00e7a, a estrutura da Secretaria era bastante modesta.<\/p>\n\n\n\n<p>Para que se tenha uma ideia da precariedade de sua log\u00edstica, diariamente, sempre no final da tarde, o Assis Mury entregava o boletim da Secom nas reda\u00e7\u00f5es dos jornais  pedalando uma bicicleta.<\/p>\n\n\n\n<p><strong>Miss\u00e3o nas Malvinas<\/strong><\/p>\n\n\n\n<p>No come\u00e7o de abril de 1982, explodiu a Guerra das Malvinas, entre a Argentina e a Gr\u00e3-Bretanha.<\/p>\n\n\n\n<p>O conflito era pela posse do arquip\u00e9lago, que est\u00e1 situado a 464 quil\u00f4metros da costa argentina.<\/p>\n\n\n\n<p>Foram dois meses de guerra. Ao final dela, os ingleses venceram e permaneceram com a posse do territ\u00f3rio.<\/p>\n\n\n\n<p>O professor Ernani Napole\u00e3o, leitor destas notas, ocupava o cargo de chefe de Gabinete do secret\u00e1rio Herculano Moraes.<\/p>\n\n\n\n<p>E ele recorda um epis\u00f3dio pitoresco ocorrido na Secom na \u00e9poca da Guerra das Malvinas.<\/p>\n\n\n\n<p>Algu\u00e9m da reda\u00e7\u00e3o inventou que havia chegado uma solicita\u00e7\u00e3o oficial \u00e0 Secretaria para o envio urgente de um fot\u00f3grafo para fazer a cobertura do conflito.<\/p>\n\n\n\n<p>A hist\u00f3ria chegou aos ouvidos do fot\u00f3grafo Jos\u00e9 Alves Ferreira, o Fotoquinha, excepcional figura humana, muito estimado por todos e dotado de grande ingenuidade.<\/p>\n\n\n\n<p>Disseram para o Fotoquinha que ele havia sido o escolhido para fazer a cobertura da guerra.<\/p>\n\n\n\n<p>Muito aflito, ele procurou Ernani Napole\u00e3o para solicitar sua dispensa da fict\u00edcia miss\u00e3o.<\/p>\n","protected":false},"excerpt":{"rendered":"<p>(Publicado em 26\/04\/26) Trago mais uma nota sobre a Secretaria de Comunica\u00e7\u00e3o, onde fui trabalhar no in\u00edcio de minha profiss\u00e3o, integrando a equipe do secret\u00e1rio Herculano<span class=\"excerpt-hellip\"> [\u2026]<\/span><\/p>\n","protected":false},"author":2,"featured_media":1520,"comment_status":"closed","ping_status":"closed","sticky":false,"template":"","format":"standard","meta":{"footnotes":""},"categories":[29],"tags":[308,307,302],"class_list":["post-1519","post","type-post","status-publish","format-standard","has-post-thumbnail","hentry","category-memorias","tag-fotoquinha","tag-guerra-das-malvinas","tag-secom"],"_links":{"self":[{"href":"https:\/\/zozimotavares.com\/site\/wp-json\/wp\/v2\/posts\/1519","targetHints":{"allow":["GET"]}}],"collection":[{"href":"https:\/\/zozimotavares.com\/site\/wp-json\/wp\/v2\/posts"}],"about":[{"href":"https:\/\/zozimotavares.com\/site\/wp-json\/wp\/v2\/types\/post"}],"author":[{"embeddable":true,"href":"https:\/\/zozimotavares.com\/site\/wp-json\/wp\/v2\/users\/2"}],"replies":[{"embeddable":true,"href":"https:\/\/zozimotavares.com\/site\/wp-json\/wp\/v2\/comments?post=1519"}],"version-history":[{"count":2,"href":"https:\/\/zozimotavares.com\/site\/wp-json\/wp\/v2\/posts\/1519\/revisions"}],"predecessor-version":[{"id":1523,"href":"https:\/\/zozimotavares.com\/site\/wp-json\/wp\/v2\/posts\/1519\/revisions\/1523"}],"wp:featuredmedia":[{"embeddable":true,"href":"https:\/\/zozimotavares.com\/site\/wp-json\/wp\/v2\/media\/1520"}],"wp:attachment":[{"href":"https:\/\/zozimotavares.com\/site\/wp-json\/wp\/v2\/media?parent=1519"}],"wp:term":[{"taxonomy":"category","embeddable":true,"href":"https:\/\/zozimotavares.com\/site\/wp-json\/wp\/v2\/categories?post=1519"},{"taxonomy":"post_tag","embeddable":true,"href":"https:\/\/zozimotavares.com\/site\/wp-json\/wp\/v2\/tags?post=1519"}],"curies":[{"name":"wp","href":"https:\/\/api.w.org\/{rel}","templated":true}]}}