{"id":1472,"date":"2026-03-08T06:41:00","date_gmt":"2026-03-08T09:41:00","guid":{"rendered":"https:\/\/zozimotavares.com\/site\/?p=1472"},"modified":"2026-03-07T08:47:38","modified_gmt":"2026-03-07T11:47:38","slug":"o-foquinha-29-uma-drastica-mudanca-de-rota","status":"publish","type":"post","link":"https:\/\/zozimotavares.com\/site\/2026\/03\/08\/o-foquinha-29-uma-drastica-mudanca-de-rota\/","title":{"rendered":"O FOQUINHA 29 \u2013 Uma dr\u00e1stica mudan\u00e7a de rota"},"content":{"rendered":"\n<p>(<em>Publicado em 08\/03\/2026<\/em>)<\/p>\n\n\n\n<p><\/p>\n\n\n\n<p><\/p>\n\n\n\n<p>Tudo ia bem no jornal O DIA, naquele in\u00edcio de minha atividade profissional, quando ocorreu a primeira mudan\u00e7a dr\u00e1stica de rota.<\/p>\n\n\n\n<p>O jornalista Francisco Leal trocava O DIA, onde ocupava o cargo de editor-chefe, pelo jornal A HORA, que estava sendo reativado.<\/p>\n\n\n\n<p>A HORA circulou pela primeira vez em 16 de agosto de 1971. Era um di\u00e1rio que tinha como diretor-presidente Lu\u00eds N\u00f3dgi Nogueira e vice, Geraldo Castelo Branco. Eram ainda seus diretores: Paulo Henrique de Ara\u00fajo Lima e Homero Castelo Branco. O editor-chefe era Wilson Fernando e o redator-chefe, Carlos Augusto.<\/p>\n\n\n\n<p>O jornal nascia, naquele come\u00e7o da d\u00e9cada de 1970, para fazer oposi\u00e7\u00e3o ao Governo Alberto Silva, que acabara de se instalar.<\/p>\n\n\n\n<p><strong>A volta<\/strong><\/p>\n\n\n\n<p>Mas A HORA desapareceu mais tarde e voltava a circular dez anos depois de sua funda\u00e7\u00e3o.<\/p>\n\n\n\n<p>Nessa nova fase, o seu diretor-presidente era o jornalista e publicit\u00e1rio Lindberg Leite. Tamb\u00e9m figuravam como diretores os irm\u00e3os Paulo Henrique e Carlos Augusto de Ara\u00fajo Lima, al\u00e9m de Gen\u00e9sio Ara\u00fajo.<\/p>\n\n\n\n<p>Sua nova sede funcionava na Rua Rui Barbosa, 762, perto da Avenida Campos Sales, zona Norte de Teresina, vizinho ao edif\u00edcio-sede do Sebrae Piau\u00ed.<\/p>\n\n\n\n<p>Chico Leal deixava O DIA para comandar a sua reda\u00e7\u00e3o e me levou para sua equipe. Fui como secret\u00e1rio de Reda\u00e7\u00e3o.<\/p>\n\n\n\n<p>Para mim, foi um choque: sa\u00eda de um grande jornal, o maior do Piau\u00ed, para um jornal pequeno, quase artesanal.<\/p>\n\n\n\n<p>Domingo conto os impactos dessa repentina mudan\u00e7a.<\/p>\n","protected":false},"excerpt":{"rendered":"<p>(Publicado em 08\/03\/2026) Tudo ia bem no jornal O DIA, naquele in\u00edcio de minha atividade profissional, quando ocorreu a primeira mudan\u00e7a dr\u00e1stica de rota. O jornalista<span class=\"excerpt-hellip\"> [\u2026]<\/span><\/p>\n","protected":false},"author":2,"featured_media":1473,"comment_status":"closed","ping_status":"closed","sticky":false,"template":"","format":"standard","meta":{"footnotes":""},"categories":[21,29],"tags":[298,39,264],"class_list":["post-1472","post","type-post","status-publish","format-standard","has-post-thumbnail","hentry","category-alem-do-fato","category-memorias","tag-jornal-a-hora","tag-o-dia","tag-redacao"],"_links":{"self":[{"href":"https:\/\/zozimotavares.com\/site\/wp-json\/wp\/v2\/posts\/1472","targetHints":{"allow":["GET"]}}],"collection":[{"href":"https:\/\/zozimotavares.com\/site\/wp-json\/wp\/v2\/posts"}],"about":[{"href":"https:\/\/zozimotavares.com\/site\/wp-json\/wp\/v2\/types\/post"}],"author":[{"embeddable":true,"href":"https:\/\/zozimotavares.com\/site\/wp-json\/wp\/v2\/users\/2"}],"replies":[{"embeddable":true,"href":"https:\/\/zozimotavares.com\/site\/wp-json\/wp\/v2\/comments?post=1472"}],"version-history":[{"count":1,"href":"https:\/\/zozimotavares.com\/site\/wp-json\/wp\/v2\/posts\/1472\/revisions"}],"predecessor-version":[{"id":1474,"href":"https:\/\/zozimotavares.com\/site\/wp-json\/wp\/v2\/posts\/1472\/revisions\/1474"}],"wp:featuredmedia":[{"embeddable":true,"href":"https:\/\/zozimotavares.com\/site\/wp-json\/wp\/v2\/media\/1473"}],"wp:attachment":[{"href":"https:\/\/zozimotavares.com\/site\/wp-json\/wp\/v2\/media?parent=1472"}],"wp:term":[{"taxonomy":"category","embeddable":true,"href":"https:\/\/zozimotavares.com\/site\/wp-json\/wp\/v2\/categories?post=1472"},{"taxonomy":"post_tag","embeddable":true,"href":"https:\/\/zozimotavares.com\/site\/wp-json\/wp\/v2\/tags?post=1472"}],"curies":[{"name":"wp","href":"https:\/\/api.w.org\/{rel}","templated":true}]}}