{"id":1422,"date":"2026-01-25T05:24:50","date_gmt":"2026-01-25T08:24:50","guid":{"rendered":"https:\/\/zozimotavares.com\/site\/?p=1422"},"modified":"2026-01-26T08:21:38","modified_gmt":"2026-01-26T11:21:38","slug":"o-foquinha-23-o-primeiro-jornalista-que-vi","status":"publish","type":"post","link":"https:\/\/zozimotavares.com\/site\/2026\/01\/25\/o-foquinha-23-o-primeiro-jornalista-que-vi\/","title":{"rendered":"O FOQUINHA 24 \u2013 O primeiro jornalista que vi"},"content":{"rendered":"\n<p>(<em>Publicado em 25\/01\/2026<\/em>)<\/p>\n\n\n\n<p>Hoje conto como vi, pela primeira vez na vida, um jornalista de carne e osso.<\/p>\n\n\n\n<p>Foi assim: em 1978, eu estudava na Escola T\u00e9cnica Federal do Piau\u00ed (hoje IFPI), onde fazia o primeiro ano b\u00e1sico, que me levaria no ano seguinte ao curso de Edifica\u00e7\u00f5es.<\/p>\n\n\n\n<p>Um dos meus colegas de turma mais pr\u00f3ximos era o Eduardo, de Regenera\u00e7\u00e3o. Ele era conhecido em sua terra como Seu D\u00faa.<\/p>\n\n\n\n<p>De vez em quando, eu ia passar o fim de semana com ele em Regenera\u00e7\u00e3o, na casa de Seu Eup\u00eddio, pai dele. Ele ia comigo tamb\u00e9m para minha casa em \u00c1gua Branca. S\u00e3o cidades vizinhas.<\/p>\n\n\n\n<p>Depois, pelos afazeres e desencontros da vida, nos distanciamos. Cada um tomou seu rumo.<\/p>\n\n\n\n<p>Revi Seu D\u00faa algumas vezes, em encontros casuais e espor\u00e1dicos.<\/p>\n\n\n\n<p>Hoje ele \u00e9 prefeito de sua cidade pela terceira vez.<\/p>\n\n\n\n<p><strong>O jornalista<\/strong><\/p>\n\n\n\n<p>Pois bem! Um domingo, eu estava em Regenera\u00e7\u00e3o com o Eduardo, numa conhecida lanchonete do centro da cidade, e l\u00e1 chegou um cidad\u00e3o bem parecido, bem vestido, barba bem-feita, de \u00f3culos escuros e discreto, com modos educados.<\/p>\n\n\n\n<p>Disseram-me que era um jornalista de &#8220;O Estado&#8221;, um jornal de muito prest\u00edgio \u00e0 \u00e9poca. Como j\u00e1 me interessava por jornalismo, fiquei curioso.<\/p>\n\n\n\n<p>Nesse tempo, eu conhecia alguns jornalistas apenas pela televis\u00e3o: Carlos Augusto, Eudes Pereira, Alice Moreira, Elvira Raulino, Benjamin Oliveira, Jo\u00e3o Eudes (Bolinha), Walteres Arraes, Luiz Alberto Falc\u00e3o, Lu\u00eds Carlos Maranh\u00e3o, Z\u00e9 Costa, enfim, a turma da TV Clube.<\/p>\n\n\n\n<p>Os profissionais do jornal e do r\u00e1dio eu s\u00f3 os conhecia pelos nomes.<\/p>\n\n\n\n<p>A\u00ed soube o nome do jornalista que estava em minha frente, em Regenera\u00e7\u00e3o: Belchior Neto, rep\u00f3rter de munic\u00edpios do jornal O ESTADO.<\/p>\n\n\n\n<p>Ele estava ali para fazer uma reportagem sobre a cidade.<\/p>\n\n\n\n<p>Vim a saber depois, quando j\u00e1 militava na imprensa, que o jornalista era irm\u00e3o de Teresinha Belchior, mulher do dono do jornal &#8220;O Estado&#8221;, jornalista e empres\u00e1rio Helder Feitosa.<\/p>\n\n\n\n<p>Ficamos amigos. Gente fina. Alguns anos depois, ele ingressou no Banco do Brasil e abandonou o jornalismo. <\/p>\n\n\n\n<p>Depois, j\u00e1 aposentado, foi cuidar de seus latif\u00fandios, seus baba\u00e7uais e suas cabe\u00e7as de gado em Campo Maior, a sua terra.<\/p>\n","protected":false},"excerpt":{"rendered":"<p>(Publicado em 25\/01\/2026) Hoje conto como vi, pela primeira vez na vida, um jornalista de carne e osso. Foi assim: em 1978, eu estudava na Escola<span class=\"excerpt-hellip\"> [\u2026]<\/span><\/p>\n","protected":false},"author":2,"featured_media":1423,"comment_status":"closed","ping_status":"closed","sticky":false,"template":"","format":"standard","meta":{"footnotes":""},"categories":[21,29],"tags":[36,50],"class_list":["post-1422","post","type-post","status-publish","format-standard","has-post-thumbnail","hentry","category-alem-do-fato","category-memorias","tag-jornalismo","tag-teresina"],"_links":{"self":[{"href":"https:\/\/zozimotavares.com\/site\/wp-json\/wp\/v2\/posts\/1422","targetHints":{"allow":["GET"]}}],"collection":[{"href":"https:\/\/zozimotavares.com\/site\/wp-json\/wp\/v2\/posts"}],"about":[{"href":"https:\/\/zozimotavares.com\/site\/wp-json\/wp\/v2\/types\/post"}],"author":[{"embeddable":true,"href":"https:\/\/zozimotavares.com\/site\/wp-json\/wp\/v2\/users\/2"}],"replies":[{"embeddable":true,"href":"https:\/\/zozimotavares.com\/site\/wp-json\/wp\/v2\/comments?post=1422"}],"version-history":[{"count":3,"href":"https:\/\/zozimotavares.com\/site\/wp-json\/wp\/v2\/posts\/1422\/revisions"}],"predecessor-version":[{"id":1428,"href":"https:\/\/zozimotavares.com\/site\/wp-json\/wp\/v2\/posts\/1422\/revisions\/1428"}],"wp:featuredmedia":[{"embeddable":true,"href":"https:\/\/zozimotavares.com\/site\/wp-json\/wp\/v2\/media\/1423"}],"wp:attachment":[{"href":"https:\/\/zozimotavares.com\/site\/wp-json\/wp\/v2\/media?parent=1422"}],"wp:term":[{"taxonomy":"category","embeddable":true,"href":"https:\/\/zozimotavares.com\/site\/wp-json\/wp\/v2\/categories?post=1422"},{"taxonomy":"post_tag","embeddable":true,"href":"https:\/\/zozimotavares.com\/site\/wp-json\/wp\/v2\/tags?post=1422"}],"curies":[{"name":"wp","href":"https:\/\/api.w.org\/{rel}","templated":true}]}}