{"id":1417,"date":"2026-01-18T06:10:00","date_gmt":"2026-01-18T09:10:00","guid":{"rendered":"https:\/\/zozimotavares.com\/site\/?p=1417"},"modified":"2026-01-17T11:17:53","modified_gmt":"2026-01-17T14:17:53","slug":"o-foquinha-23-o-calor-da-redacao","status":"publish","type":"post","link":"https:\/\/zozimotavares.com\/site\/2026\/01\/18\/o-foquinha-23-o-calor-da-redacao\/","title":{"rendered":"O FOQUINHA 23 \u2013 \u00a0O calor da reda\u00e7\u00e3o"},"content":{"rendered":"\n<p>(<em>Publicado em 18\/01\/2026<\/em>)<\/p>\n\n\n\n<p><\/p>\n\n\n\n<p>Quando iniciei minha atividade de jornalista, em agosto 1980, eu tinha 18 anos. Estava concluindo o Segundo Grau (Ensino M\u00e9dio) na Escola T\u00e9cnica Federal do Piau\u00ed (hoje IFPI), onde cursava Edifica\u00e7\u00f5es.<\/p>\n\n\n\n<p>Eu j\u00e1 conhecia a reda\u00e7\u00e3o do jornal <em>O DIA<\/em>, onde estive pela primeira vez em 1979, quando fui apresentado ao chefe de reportagem, jornalista Francisco Leal.<\/p>\n\n\n\n<p>Estava entusiasmado para ser rep\u00f3rter. Ainda passei uns dias por l\u00e1, com os olhos curiosos e desconfiados, acompanhando o movimento da reda\u00e7\u00e3o.<\/p>\n\n\n\n<p><strong>O veto do Bello<\/strong><\/p>\n\n\n\n<p>O presidente do Sindicato dos Jornalistas, Luiz Bello, quando me viu, fez um breve interrogat\u00f3rio e mandou que eu fosse primeiro concluir o Segundo Grau.<\/p>\n\n\n\n<p>Assim eu fiz, meio contrariado, naturalmente, pois a reda\u00e7\u00e3o me fascinou. Mas o Bello, sempre s\u00e1bio, estava certo, o que s\u00f3 vim a compreender muito tempo depois.<\/p>\n\n\n\n<p>Ent\u00e3o, quando retornei ao jornal, para trabalhar na reda\u00e7\u00e3o, estava cheio de entusiasmo.<\/p>\n\n\n\n<p><strong>A volta<\/strong><\/p>\n\n\n\n<p>J\u00e1 contei, nas primeiras anota\u00e7\u00f5es destas lembran\u00e7as, como era a reda\u00e7\u00e3o de O DIA, h\u00e1 45 anos.<\/p>\n\n\n\n<p>E quem estava l\u00e1? Bem, o editor-chefe j\u00e1 era o Chico Leal. Ele substitu\u00eda o jornalista Chico Viana, que acabara de sair do jornal. O jornalista Jos\u00e9 Fortes Filho era o secret\u00e1rio de reda\u00e7\u00e3o.<\/p>\n\n\n\n<p>Os diagramadores eram Luiz Gonzaga e Deus\u00f3lio. Paulo Moura, metido ainda na farda do Andreas, com cara de menino querendo ser gente grande, era ilustrador e fazia tamb\u00e9m as vezes de diagramador.<\/p>\n\n\n\n<p>Na pol\u00edtica, a chefia era do Raimundo Caz\u00e9; o Od\u00edlio Teixeira comandava o esporte; o Garrincha estava l\u00e1 batendo o \u201cPrego na Chuteira\u201d todo dia e escrevendo a \u201cFolha da M\u00e3e Ana\u201d, publicada aos domingos; a editoria de pol\u00edcia estava a cargo do Ant\u00f4nio de P\u00e1dua.<\/p>\n\n\n\n<p>Elvira Raulino era a estrela da reda\u00e7\u00e3o. Sua chegada era sempre um acontecimento. Muito querida por todos.<\/p>\n\n\n\n<p>Nas oficinas, o Carivaldo Marques dava as cartas. E sempre estava pela reda\u00e7\u00e3o, com algum papel na n\u00e3o, o \u00c9dson Gama, com demandas do Departamento Comercial, que funcionava no andar superior.<\/p>\n\n\n\n<p>A reda\u00e7\u00e3o era bem climatizada, mas havia um calor humano contagiante e inesquec\u00edvel.<\/p>\n","protected":false},"excerpt":{"rendered":"<p>(Publicado em 18\/01\/2026) Quando iniciei minha atividade de jornalista, em agosto 1980, eu tinha 18 anos. Estava concluindo o Segundo Grau (Ensino M\u00e9dio) na Escola T\u00e9cnica<span class=\"excerpt-hellip\"> [\u2026]<\/span><\/p>\n","protected":false},"author":2,"featured_media":1418,"comment_status":"closed","ping_status":"closed","sticky":false,"template":"","format":"standard","meta":{"footnotes":""},"categories":[21,29],"tags":[36,39,188],"class_list":["post-1417","post","type-post","status-publish","format-standard","has-post-thumbnail","hentry","category-alem-do-fato","category-memorias","tag-jornalismo","tag-o-dia","tag-teresina-2"],"_links":{"self":[{"href":"https:\/\/zozimotavares.com\/site\/wp-json\/wp\/v2\/posts\/1417","targetHints":{"allow":["GET"]}}],"collection":[{"href":"https:\/\/zozimotavares.com\/site\/wp-json\/wp\/v2\/posts"}],"about":[{"href":"https:\/\/zozimotavares.com\/site\/wp-json\/wp\/v2\/types\/post"}],"author":[{"embeddable":true,"href":"https:\/\/zozimotavares.com\/site\/wp-json\/wp\/v2\/users\/2"}],"replies":[{"embeddable":true,"href":"https:\/\/zozimotavares.com\/site\/wp-json\/wp\/v2\/comments?post=1417"}],"version-history":[{"count":2,"href":"https:\/\/zozimotavares.com\/site\/wp-json\/wp\/v2\/posts\/1417\/revisions"}],"predecessor-version":[{"id":1420,"href":"https:\/\/zozimotavares.com\/site\/wp-json\/wp\/v2\/posts\/1417\/revisions\/1420"}],"wp:featuredmedia":[{"embeddable":true,"href":"https:\/\/zozimotavares.com\/site\/wp-json\/wp\/v2\/media\/1418"}],"wp:attachment":[{"href":"https:\/\/zozimotavares.com\/site\/wp-json\/wp\/v2\/media?parent=1417"}],"wp:term":[{"taxonomy":"category","embeddable":true,"href":"https:\/\/zozimotavares.com\/site\/wp-json\/wp\/v2\/categories?post=1417"},{"taxonomy":"post_tag","embeddable":true,"href":"https:\/\/zozimotavares.com\/site\/wp-json\/wp\/v2\/tags?post=1417"}],"curies":[{"name":"wp","href":"https:\/\/api.w.org\/{rel}","templated":true}]}}