{"id":1388,"date":"2025-12-07T06:16:31","date_gmt":"2025-12-07T09:16:31","guid":{"rendered":"https:\/\/zozimotavares.com\/site\/?p=1388"},"modified":"2025-12-07T06:36:06","modified_gmt":"2025-12-07T09:36:06","slug":"o-foquinha-19-os-festivais-no-verdao","status":"publish","type":"post","link":"https:\/\/zozimotavares.com\/site\/2025\/12\/07\/o-foquinha-19-os-festivais-no-verdao\/","title":{"rendered":"O FOQUINHA 19 &#8211; Os festivais no Verd\u00e3o"},"content":{"rendered":"\n<p><\/p>\n\n\n\n<p>Como j\u00e1 contei, at\u00e9 entrar para a editoria de Pol\u00edtica, em 1986, eu cobria os acontecimentos para a Editoria de Cidade.<\/p>\n\n\n\n<p>No in\u00edcio dos anos 1980, o que mexia com Teresina, no cen\u00e1rio musical, era o FMPBEP (Festival de M\u00fasica Popular Piauiense).<\/p>\n\n\n\n<p>Era patrocinado pelo Banco do Estado do Piau\u00ed), da\u00ed ganhava o nome de FMPBEP. Realizava-se no Verd\u00e3o, com a casa cheia.<\/p>\n\n\n\n<p>Uma bela gera\u00e7\u00e3o de m\u00fasicos apareceu ou se consolidou por l\u00e1.<\/p>\n\n\n\n<p>Entre eles, estava Cruz Neto, cantor e compositor, que chegou inclusive a participar do Festival MPB-80, transmitido nacionalmente, com sua can\u00e7\u00e3o <em>Cora\u00e7\u00e3o Noturno<\/em>.<\/p>\n\n\n\n<p>Entre os grupos musicais, marcaram \u00e9poca o <em>Grupo<\/em> <em>Candeia<\/em>, com Aur\u00e9lio Melo e Z\u00e9 Rodrigues, com sua can\u00e7\u00e3o <em>Teresina<\/em>, o hino popular da cidade, e o <em>Grupo Varanda<\/em>, que ganhou o FMPBEB de 1980 com a can\u00e7\u00e3o <em>Quintal de passarinhos<\/em>, de George Mendes e Paulo Jos\u00e9 Cunha.<\/p>\n\n\n\n<p>Tamb\u00e9m atra\u00edam p\u00fablico os festivais de m\u00fasica locais, como o Festival Estudantil de M\u00fasica do Piau\u00ed (FEMPI) e o Festival do Parque Piau\u00ed (FESPAPI), que ocorreram entre os anos 70 e 80 e foram relevantes para a forma\u00e7\u00e3o da identidade musical da regi\u00e3o.&nbsp;<\/p>\n\n\n\n<p>Teresina recebia tamb\u00e9m muitos nomes importantes da m\u00fasica popular que estavam em turn\u00ea pelo Brasil.<\/p>\n","protected":false},"excerpt":{"rendered":"<p>Como j\u00e1 contei, at\u00e9 entrar para a editoria de Pol\u00edtica, em 1986, eu cobria os acontecimentos para a Editoria de Cidade. No in\u00edcio dos anos 1980,<span class=\"excerpt-hellip\"> [\u2026]<\/span><\/p>\n","protected":false},"author":2,"featured_media":1389,"comment_status":"closed","ping_status":"closed","sticky":false,"template":"","format":"standard","meta":{"footnotes":""},"categories":[21,29],"tags":[283,188,284],"class_list":["post-1388","post","type-post","status-publish","format-standard","has-post-thumbnail","hentry","category-alem-do-fato","category-memorias","tag-festivais","tag-teresina-2","tag-verdao"],"_links":{"self":[{"href":"https:\/\/zozimotavares.com\/site\/wp-json\/wp\/v2\/posts\/1388","targetHints":{"allow":["GET"]}}],"collection":[{"href":"https:\/\/zozimotavares.com\/site\/wp-json\/wp\/v2\/posts"}],"about":[{"href":"https:\/\/zozimotavares.com\/site\/wp-json\/wp\/v2\/types\/post"}],"author":[{"embeddable":true,"href":"https:\/\/zozimotavares.com\/site\/wp-json\/wp\/v2\/users\/2"}],"replies":[{"embeddable":true,"href":"https:\/\/zozimotavares.com\/site\/wp-json\/wp\/v2\/comments?post=1388"}],"version-history":[{"count":3,"href":"https:\/\/zozimotavares.com\/site\/wp-json\/wp\/v2\/posts\/1388\/revisions"}],"predecessor-version":[{"id":1393,"href":"https:\/\/zozimotavares.com\/site\/wp-json\/wp\/v2\/posts\/1388\/revisions\/1393"}],"wp:featuredmedia":[{"embeddable":true,"href":"https:\/\/zozimotavares.com\/site\/wp-json\/wp\/v2\/media\/1389"}],"wp:attachment":[{"href":"https:\/\/zozimotavares.com\/site\/wp-json\/wp\/v2\/media?parent=1388"}],"wp:term":[{"taxonomy":"category","embeddable":true,"href":"https:\/\/zozimotavares.com\/site\/wp-json\/wp\/v2\/categories?post=1388"},{"taxonomy":"post_tag","embeddable":true,"href":"https:\/\/zozimotavares.com\/site\/wp-json\/wp\/v2\/tags?post=1388"}],"curies":[{"name":"wp","href":"https:\/\/api.w.org\/{rel}","templated":true}]}}