{"id":1319,"date":"2025-10-19T11:04:20","date_gmt":"2025-10-19T14:04:20","guid":{"rendered":"https:\/\/zozimotavares.com\/site\/?p=1319"},"modified":"2025-10-19T11:07:11","modified_gmt":"2025-10-19T14:07:11","slug":"o-foquinha-12-as-visitas-do-reporter-do-le-monde-e-de-lula","status":"publish","type":"post","link":"https:\/\/zozimotavares.com\/site\/2025\/10\/19\/o-foquinha-12-as-visitas-do-reporter-do-le-monde-e-de-lula\/","title":{"rendered":"O Foquinha 12 \u2013 As visitas do rep\u00f3rter do &#8216;Le Monde&#8217; e de Lula"},"content":{"rendered":"\n<p><\/p>\n\n\n\n<p>Bem, nessas mem\u00f3rias que venho tecendo aos domingos, sobre meus primeiros passos no jornalismo, h\u00e1 45 anos, estou para entrar em uma reda\u00e7\u00e3o profissional, a do jornal O DIA.<\/p>\n\n\n\n<p>Antes, preciso contar mais dois epis\u00f3dios que se passaram durante o primeiro ano do jornal <em>O \u00c1guia<\/em>, que nosso grupo de jovens editava em \u00c1gua Branca.<\/p>\n\n\n\n<p>O primeiro \u00e9 o seguinte: em 1980, o Nordeste brasileiro era castigado por mais uma seca terr\u00edvel. Ela come\u00e7ou no ano anterior e se prolongou at\u00e9 1983.<\/p>\n\n\n\n<p>Um jornalista do jornal <em>Le Monde<\/em> veio ao Brasil para produzir uma reportagem sobre essa nova estiagem.<\/p>\n\n\n\n<p>Na viagem de trabalho ao Nordeste, o rep\u00f3rter passou por \u00c1gua Branca. Ele havia apurado que o vig\u00e1rio local, padre Jo\u00e3o Batista Gougeon, era franc\u00eas.<\/p>\n\n\n\n<p>Na reportagem que publicou, dias depois, citou o nosso jornal como um ve\u00edculo que buscava a conscientiza\u00e7\u00e3o da comunidade.<\/p>\n\n\n\n<p>Jamais esperar\u00edamos que o nome de nosso modesto jornalzinho viesse a sair no <em>Le Monde<\/em>, fundado em 1944, mas que nem conhec\u00edamos, apesar de ser um dos jornais mais influentes da Fran\u00e7a e da Europa.<\/p>\n\n\n\n<p><strong>Domingo azul<\/strong><\/p>\n\n\n\n<p>O fato, por\u00e9m, \u00e9 que, sem que nos d\u00e9ssemos conta, nosso trabalho alcan\u00e7ava repercuss\u00e3o muito al\u00e9m de nossa cidade.<\/p>\n\n\n\n<p>E foi assim que, na manh\u00e3 de 31 de agosto de 1980, um domingo azul, como na can\u00e7\u00e3o de Alceu Valen\u00e7a, recebemos na sede de nosso grupo de jovens um grupo de barbudos, vestindo camisetas de algod\u00e3o brancas.<\/p>\n\n\n\n<p>\u00c0 frente do grupo estava Luiz In\u00e1cio da Silva, o Lula. \u00c0 \u00e9poca, ele era o sindicalista mais conhecido do Brasil e andava pelo interior do pa\u00eds na campanha de funda\u00e7\u00e3o do Partido dos Trabalhadores.<\/p>\n\n\n\n<p>Na noite de s\u00e1bado, durante nossa reuni\u00e3o quinzenal, recebemos a informa\u00e7\u00e3o de que Lula gostaria de nos visitar.<\/p>\n\n\n\n<p>Ele fora informado de que \u00e9ramos ligados \u00e0 Igreja Cat\u00f3lica e edit\u00e1vamos um jornalzinho mimeografado \u2013&nbsp;<em>O \u00c1guia<\/em>&nbsp;\u2013 que fazia muito sucesso na cidade.<\/p>\n\n\n\n<p>O aviso nos foi levado pelo presidente do Sindicato dos Trabalhadores Rurais, Manoel Eduardo de Sousa, o Nezim.<\/p>\n\n\n\n<p><strong>A visita<\/strong><\/p>\n\n\n\n<p>Quando Lula chegou \u00e0 sede do grupo de jovens, por volta das 9 horas, ainda havia muito papel espalhado pelo ch\u00e3o.<\/p>\n\n\n\n<p>A edi\u00e7\u00e3o, de 200 exemplares mimeografados, acabara de sair, depois de virarmos mais uma noite na produ\u00e7\u00e3o do jornalzinho, que era quinzenal.<\/p>\n\n\n\n<p>Lula recebeu em primeira m\u00e3o justamente a edi\u00e7\u00e3o de n\u00famero 13!<\/p>\n\n\n\n<p>Ele sentou, conversou rapidamente com os jovens, informado que em S\u00e3o Paulo tamb\u00e9m passava por aquele tipo de experi\u00eancia e garantiu que a luta valia a pena.<\/p>\n\n\n\n<p>Lula n\u00e3o tocou em PT, mas enfatizou que o futuro do Brasil estava nas m\u00e3os dos trabalhadores e dos jovens. Tudo dependia apenas de conscientiza\u00e7\u00e3o e de organiza\u00e7\u00e3o.<\/p>\n\n\n\n<p>A comitiva, que vinha de Floriano, em dire\u00e7\u00e3o a Teresina e Campo Maior, era composta ainda pelo professor Ant\u00f4nio Jos\u00e9 Medeiros, o jornalista Roberto John, o cartunista Albert Piau\u00ed e os advogados Acilino Ribeiro e Lawrence Raulino, entre outros.<\/p>\n\n\n\n<p>Da sede do grupo de jovens, foi a p\u00e9 at\u00e9 a pra\u00e7a do mercado velho, a alguns quarteir\u00f5es.<\/p>\n\n\n\n<p>L\u00e1, diante dos frequentadores da feira, ele fez o ato p\u00fablico de lan\u00e7amento do PT em \u00c1gua Branca.<\/p>\n","protected":false},"excerpt":{"rendered":"<p>Bem, nessas mem\u00f3rias que venho tecendo aos domingos, sobre meus primeiros passos no jornalismo, h\u00e1 45 anos, estou para entrar em uma reda\u00e7\u00e3o profissional, a do<span class=\"excerpt-hellip\"> [\u2026]<\/span><\/p>\n","protected":false},"author":2,"featured_media":1320,"comment_status":"closed","ping_status":"closed","sticky":false,"template":"","format":"standard","meta":{"footnotes":""},"categories":[21,29],"tags":[140,159],"class_list":["post-1319","post","type-post","status-publish","format-standard","has-post-thumbnail","hentry","category-alem-do-fato","category-memorias","tag-agua-branca","tag-lula-2"],"_links":{"self":[{"href":"https:\/\/zozimotavares.com\/site\/wp-json\/wp\/v2\/posts\/1319","targetHints":{"allow":["GET"]}}],"collection":[{"href":"https:\/\/zozimotavares.com\/site\/wp-json\/wp\/v2\/posts"}],"about":[{"href":"https:\/\/zozimotavares.com\/site\/wp-json\/wp\/v2\/types\/post"}],"author":[{"embeddable":true,"href":"https:\/\/zozimotavares.com\/site\/wp-json\/wp\/v2\/users\/2"}],"replies":[{"embeddable":true,"href":"https:\/\/zozimotavares.com\/site\/wp-json\/wp\/v2\/comments?post=1319"}],"version-history":[{"count":2,"href":"https:\/\/zozimotavares.com\/site\/wp-json\/wp\/v2\/posts\/1319\/revisions"}],"predecessor-version":[{"id":1322,"href":"https:\/\/zozimotavares.com\/site\/wp-json\/wp\/v2\/posts\/1319\/revisions\/1322"}],"wp:featuredmedia":[{"embeddable":true,"href":"https:\/\/zozimotavares.com\/site\/wp-json\/wp\/v2\/media\/1320"}],"wp:attachment":[{"href":"https:\/\/zozimotavares.com\/site\/wp-json\/wp\/v2\/media?parent=1319"}],"wp:term":[{"taxonomy":"category","embeddable":true,"href":"https:\/\/zozimotavares.com\/site\/wp-json\/wp\/v2\/categories?post=1319"},{"taxonomy":"post_tag","embeddable":true,"href":"https:\/\/zozimotavares.com\/site\/wp-json\/wp\/v2\/tags?post=1319"}],"curies":[{"name":"wp","href":"https:\/\/api.w.org\/{rel}","templated":true}]}}