{"id":1314,"date":"2025-10-12T09:25:56","date_gmt":"2025-10-12T12:25:56","guid":{"rendered":"https:\/\/zozimotavares.com\/site\/?p=1314"},"modified":"2025-10-12T09:45:47","modified_gmt":"2025-10-12T12:45:47","slug":"o-foquinha-11-a-visita-do-arcebispo","status":"publish","type":"post","link":"https:\/\/zozimotavares.com\/site\/2025\/10\/12\/o-foquinha-11-a-visita-do-arcebispo\/","title":{"rendered":"O FOQUINHA 11 \u2013 A visita do arcebispo"},"content":{"rendered":"\n<p><\/p>\n\n\n\n<p>Como eu contava domingo passado, poucos dias depois do boato sobre a expuls\u00e3o do padre Jo\u00e3o, o vig\u00e1rio-geral da Arquidiocese de Teresina, monsenhor Mateus Rufino, foi a \u00c1gua Branca examinar a situa\u00e7\u00e3o <em>in loco<\/em>.<\/p>\n\n\n\n<p>A botaria sobre a expuls\u00e3o do padre era em fun\u00e7\u00e3o de uma carta do prefeito endere\u00e7ada ao arcebispo de Teresina denunciando que ele era comunista e estava usando os jovens para levar suas ideias adiante.<\/p>\n\n\n\n<p>Isso porque o padre Jo\u00e3o apoiava nosso movimento, especialmente a resist\u00eancia que faz\u00edamos ao fechamento do nosso jornalzinho por ordem do prefeito.<\/p>\n\n\n\n<p>Era 14 de agosto de 1980, \u00e9poca dos festejos de Nossa Senhora do Perp\u00e9tuo Socorro, quando o monsenhor Mateus nos visitou em nossa sede. Tudo era muito simples.<\/p>\n\n\n\n<p><strong>O an\u00fancio<\/strong><\/p>\n\n\n\n<p>Lembro como se fosse hoje da presen\u00e7a, em nosso grupo de jovens, daquele homenzinho franzino, baixo, de ar severo e olhar terno.<\/p>\n\n\n\n<p>Ele fez perguntas e nos ouviu. Ao final da reuni\u00e3o, anunciou a presen\u00e7a de Dom Jos\u00e9 Freire Falc\u00e3o em \u00c1gua Branca, para presidir a missa de encerramento dos festejos, no dia seguinte.<\/p>\n\n\n\n<p>E comunicou que o arcebispo de Teresina tamb\u00e9m visitaria nosso grupo de jovens, a convite dele. E assim foi feito.<\/p>\n\n\n\n<p>Na sede do JAC, Dom Jos\u00e9 Freire Falc\u00e3o, de fala mansa, jeito aristocr\u00e1tico, tamb\u00e9m conheceu de perto o nosso movimento.<\/p>\n\n\n\n<p>Ele declarou que estava muito satisfeito com a nossa iniciativa, e nos estimulou a continu\u00e1-la.<\/p>\n\n\n\n<p>Tamb\u00e9m nos alertou que dever\u00edamos estar preparados para superar poss\u00edveis obst\u00e1culos que surgem sempre em qualquer agremia\u00e7\u00e3o, vindos de toda origem.<\/p>\n\n\n\n<p><strong>Surpresa<\/strong><\/p>\n\n\n\n<p>Hoje, a palavra de incentivo do arcebispo talvez viesse a causar alguma estranheza, pois ele era tido como uma lideran\u00e7a conservadora da Igreja.<\/p>\n\n\n\n<p>Mas foi justamente isso que aconteceu: Dom Falc\u00e3o, futuro cardeal, n\u00e3o titubeou, e seu apoio fez nosso grupo se sentir fortalecido para continuar na luta.<\/p>\n\n\n\n<p>(<em>O nosso jornalzinho registrou as visitas do monsenhor e do arcebispo na edi\u00e7\u00e3o que circulou em 31 de agosto de 1980<\/em>).<\/p>\n\n\n\n<figure class=\"wp-block-image size-large\"><img loading=\"lazy\" decoding=\"async\" width=\"1024\" height=\"768\" src=\"https:\/\/zozimotavares.com\/site\/wp-content\/uploads\/2025\/10\/Visita-D-Falcao-1024x768.webp\" alt=\"\" class=\"wp-image-1315\" srcset=\"https:\/\/zozimotavares.com\/site\/wp-content\/uploads\/2025\/10\/Visita-D-Falcao-1024x768.webp 1024w, https:\/\/zozimotavares.com\/site\/wp-content\/uploads\/2025\/10\/Visita-D-Falcao-300x225.webp 300w, https:\/\/zozimotavares.com\/site\/wp-content\/uploads\/2025\/10\/Visita-D-Falcao-768x576.webp 768w, https:\/\/zozimotavares.com\/site\/wp-content\/uploads\/2025\/10\/Visita-D-Falcao-100x75.webp 100w, https:\/\/zozimotavares.com\/site\/wp-content\/uploads\/2025\/10\/Visita-D-Falcao-480x360.webp 480w, https:\/\/zozimotavares.com\/site\/wp-content\/uploads\/2025\/10\/Visita-D-Falcao.webp 1440w\" sizes=\"auto, (max-width:767px) 480px, (max-width:1024px) 100vw, 1024px\" \/><\/figure>\n\n\n\n<p><em>No jornal <\/em>O \u00c1guia<em>, o registro da visita de Dom Falc\u00e3o \u00e0 sede do grupo de jovens, em 1980.<\/em><\/p>\n\n\n\n<p><\/p>\n","protected":false},"excerpt":{"rendered":"<p>Como eu contava domingo passado, poucos dias depois do boato sobre a expuls\u00e3o do padre Jo\u00e3o, o vig\u00e1rio-geral da Arquidiocese de Teresina, monsenhor Mateus Rufino, foi<span class=\"excerpt-hellip\"> [\u2026]<\/span><\/p>\n","protected":false},"author":2,"featured_media":1316,"comment_status":"closed","ping_status":"closed","sticky":false,"template":"","format":"standard","meta":{"footnotes":""},"categories":[21,29],"tags":[140,96,256,262],"class_list":["post-1314","post","type-post","status-publish","format-standard","has-post-thumbnail","hentry","category-alem-do-fato","category-memorias","tag-agua-branca","tag-dom-falcao","tag-grupo-de-jovens-2","tag-visita"],"_links":{"self":[{"href":"https:\/\/zozimotavares.com\/site\/wp-json\/wp\/v2\/posts\/1314","targetHints":{"allow":["GET"]}}],"collection":[{"href":"https:\/\/zozimotavares.com\/site\/wp-json\/wp\/v2\/posts"}],"about":[{"href":"https:\/\/zozimotavares.com\/site\/wp-json\/wp\/v2\/types\/post"}],"author":[{"embeddable":true,"href":"https:\/\/zozimotavares.com\/site\/wp-json\/wp\/v2\/users\/2"}],"replies":[{"embeddable":true,"href":"https:\/\/zozimotavares.com\/site\/wp-json\/wp\/v2\/comments?post=1314"}],"version-history":[{"count":1,"href":"https:\/\/zozimotavares.com\/site\/wp-json\/wp\/v2\/posts\/1314\/revisions"}],"predecessor-version":[{"id":1317,"href":"https:\/\/zozimotavares.com\/site\/wp-json\/wp\/v2\/posts\/1314\/revisions\/1317"}],"wp:featuredmedia":[{"embeddable":true,"href":"https:\/\/zozimotavares.com\/site\/wp-json\/wp\/v2\/media\/1316"}],"wp:attachment":[{"href":"https:\/\/zozimotavares.com\/site\/wp-json\/wp\/v2\/media?parent=1314"}],"wp:term":[{"taxonomy":"category","embeddable":true,"href":"https:\/\/zozimotavares.com\/site\/wp-json\/wp\/v2\/categories?post=1314"},{"taxonomy":"post_tag","embeddable":true,"href":"https:\/\/zozimotavares.com\/site\/wp-json\/wp\/v2\/tags?post=1314"}],"curies":[{"name":"wp","href":"https:\/\/api.w.org\/{rel}","templated":true}]}}