{"id":1292,"date":"2025-08-31T07:00:00","date_gmt":"2025-08-31T10:00:00","guid":{"rendered":"https:\/\/zozimotavares.com\/site\/?p=1292"},"modified":"2025-09-07T04:57:23","modified_gmt":"2025-09-07T07:57:23","slug":"o-foquinha-5-cara-a-cara-com-o-arbitrio","status":"publish","type":"post","link":"https:\/\/zozimotavares.com\/site\/2025\/08\/31\/o-foquinha-5-cara-a-cara-com-o-arbitrio\/","title":{"rendered":"O FOQUINHA 5 \u2013 Cara a cara com o arb\u00edtrio"},"content":{"rendered":"\n<p><\/p>\n\n\n\n<p>Hoje retomo a hist\u00f3ria do decreto municipal determinando o fechamento do jornalzinho do grupo de jovens de \u00c1gua Branca, h\u00e1 45 anos.<\/p>\n\n\n\n<p>O decreto foi baixado quando \u201cO \u00c1guia\u201d tinha apenas seis meses de circula\u00e7\u00e3o. Estava na edi\u00e7\u00e3o de n\u00famero 11. Ainda engatinhava. E talvez nem completasse o primeiro anivers\u00e1rio.<\/p>\n\n\n\n<p>Quando recebi o decreto, das m\u00e3os do secret\u00e1rio da prefeitura, entrei no mundo real, sem querer e sem saber.<\/p>\n\n\n\n<p>At\u00e9 ent\u00e3o, nosso mundo era o dos sonhos. E quer\u00edamos ser como aqueles jovens das can\u00e7\u00f5es do padre Zezinho: alegres, solid\u00e1rios, crist\u00e3os.<\/p>\n\n\n\n<p>Aquele ato arbitr\u00e1rio nos acordou, por\u00e9m, para uma realidade que pouco conhec\u00edamos \u2013 a do autoritarismo, que s\u00f3 sab\u00edamos de ouvir falar.<\/p>\n\n\n\n<p>Assustado, corri com o decreto at\u00e9 o jornalista Francisco Leal, aguabranquense, e a quem eu j\u00e1 conhecia.<\/p>\n\n\n\n<p>Al\u00e9m de secret\u00e1rio de reda\u00e7\u00e3o do jornal O Dia, ele era presidente do Clube do Rep\u00f3rter do Piau\u00ed.<\/p>\n\n\n\n<p>O editor de O Dia, \u00e0 \u00e9poca, era o jornalista Francisco Viana, que deu a not\u00edcia do decreto em destaque na primeira p\u00e1gina.<\/p>\n\n\n\n<p>Ele era tamb\u00e9m correspondente da <em>Folha de S. Paulo<\/em> e mandou a not\u00edcia para l\u00e1.<\/p>\n\n\n\n<p>Toda a imprensa de Teresina criticou o ato do prefeito de \u00c1gua Branca.<\/p>\n\n\n\n<p>O caso ganhou uma repercuss\u00e3o que jamais imaginar\u00edamos que tivesse.<\/p>\n\n\n\n<p>Em \u00c1gua Branca, a rea\u00e7\u00e3o do poder local foi contundente, como contarei na pr\u00f3xima semana.<\/p>\n","protected":false},"excerpt":{"rendered":"<p>Hoje retomo a hist\u00f3ria do decreto municipal determinando o fechamento do jornalzinho do grupo de jovens de \u00c1gua Branca, h\u00e1 45 anos. O decreto foi baixado<span class=\"excerpt-hellip\"> [\u2026]<\/span><\/p>\n","protected":false},"author":2,"featured_media":1293,"comment_status":"closed","ping_status":"closed","sticky":false,"template":"","format":"standard","meta":{"footnotes":""},"categories":[21,29],"tags":[140,164,242],"class_list":["post-1292","post","type-post","status-publish","format-standard","has-post-thumbnail","hentry","category-alem-do-fato","category-memorias","tag-agua-branca","tag-censura","tag-jornal-2"],"_links":{"self":[{"href":"https:\/\/zozimotavares.com\/site\/wp-json\/wp\/v2\/posts\/1292","targetHints":{"allow":["GET"]}}],"collection":[{"href":"https:\/\/zozimotavares.com\/site\/wp-json\/wp\/v2\/posts"}],"about":[{"href":"https:\/\/zozimotavares.com\/site\/wp-json\/wp\/v2\/types\/post"}],"author":[{"embeddable":true,"href":"https:\/\/zozimotavares.com\/site\/wp-json\/wp\/v2\/users\/2"}],"replies":[{"embeddable":true,"href":"https:\/\/zozimotavares.com\/site\/wp-json\/wp\/v2\/comments?post=1292"}],"version-history":[{"count":1,"href":"https:\/\/zozimotavares.com\/site\/wp-json\/wp\/v2\/posts\/1292\/revisions"}],"predecessor-version":[{"id":1294,"href":"https:\/\/zozimotavares.com\/site\/wp-json\/wp\/v2\/posts\/1292\/revisions\/1294"}],"wp:featuredmedia":[{"embeddable":true,"href":"https:\/\/zozimotavares.com\/site\/wp-json\/wp\/v2\/media\/1293"}],"wp:attachment":[{"href":"https:\/\/zozimotavares.com\/site\/wp-json\/wp\/v2\/media?parent=1292"}],"wp:term":[{"taxonomy":"category","embeddable":true,"href":"https:\/\/zozimotavares.com\/site\/wp-json\/wp\/v2\/categories?post=1292"},{"taxonomy":"post_tag","embeddable":true,"href":"https:\/\/zozimotavares.com\/site\/wp-json\/wp\/v2\/tags?post=1292"}],"curies":[{"name":"wp","href":"https:\/\/api.w.org\/{rel}","templated":true}]}}