{"id":1280,"date":"2025-08-24T07:00:00","date_gmt":"2025-08-24T10:00:00","guid":{"rendered":"https:\/\/zozimotavares.com\/site\/?p=1280"},"modified":"2025-08-23T19:58:56","modified_gmt":"2025-08-23T22:58:56","slug":"o-foquinha-4-um-ai-5-municipal","status":"publish","type":"post","link":"https:\/\/zozimotavares.com\/site\/2025\/08\/24\/o-foquinha-4-um-ai-5-municipal\/","title":{"rendered":"O FOQUINHA 4 \u2013 Um AI-5 municipal"},"content":{"rendered":"\n<p><\/p>\n\n\n\n<p>Voltarei a falar sobre o processo industrial de produ\u00e7\u00e3o e impress\u00e3o dos jornais \u2013 dos grandes e dos pequenos, que conheci por dentro e por fora.<\/p>\n\n\n\n<p>Hoje come\u00e7o a contar, enfim, como foi o siribolo causado pelo decreto do prefeito de \u00c1gua Branca determinando o fechamento do nosso jornalzinho, h\u00e1 45 anos.<\/p>\n\n\n\n<p>Como eu j\u00e1 disse, o grupo de jovens fundou o jornalzinho em janeiro de 1980. A publica\u00e7\u00e3o sa\u00eda quinzenalmente, com not\u00edcias e notas sobre a vida da cidade.<\/p>\n\n\n\n<p>Tinha apenas quatro p\u00e1ginas, impressas em mime\u00f3grafo, em papel formato A4, esse usado comumente pelas fotocopiadoras.<\/p>\n\n\n\n<p>Era pequeno no tamanho, na quantidade de p\u00e1ginas e na tiragem, mas a cidade tamb\u00e9m n\u00e3o tinha l\u00e1 essas coisas para publicar, n\u00e3o.<\/p>\n\n\n\n<p>Como n\u00e3o havia tantas not\u00edcias locais de maior relev\u00e2ncia, public\u00e1vamos tamb\u00e9m pequenos artigos, poemas e outras amenidades.<\/p>\n\n\n\n<p><strong>A f\u00faria do poder<\/strong><\/p>\n\n\n\n<p>Um dia, na edi\u00e7\u00e3o da primeira quinzena de julho, demos uma pequena nota, em p\u00e1gina interna, informando que estava faltando material de expediente para o alistamento dos jovens na Junta do Servi\u00e7o Militar.<\/p>\n\n\n\n<p>Pra qu\u00ea? Foi como cutucar on\u00e7a com vara curta. Esse \u00f3rg\u00e3o funcionava em uma saleta da prefeitura e os poderosos locais tomaram a notinha como uma grave den\u00fancia ou uma desaforada provoca\u00e7\u00e3o.<\/p>\n\n\n\n<p>E meteram na cabe\u00e7a do prefeito que ele deveria mandar fechar o impertinente jornalzinho.<\/p>\n\n\n\n<p>O prefeito n\u00e3o pensou duas vezes: baixou um decreto determinando o seu fechamento imediato. Era uma esp\u00e9cie de AI-5 municipal.<\/p>\n\n\n\n<p>Da\u00ed para frente, foi um deus-nos-acuda, como contarei, tim-tim por tim-tim, na pr\u00f3xima semana.<\/p>\n\n\n\n<p>Basta eu adiantar que o caso mexeu at\u00e9 com a c\u00fapula da Igreja Cat\u00f3lica no Piau\u00ed.<\/p>\n\n\n\n<p><\/p>\n\n\n\n<figure class=\"wp-block-image size-full\"><img loading=\"lazy\" decoding=\"async\" width=\"720\" height=\"960\" src=\"https:\/\/zozimotavares.com\/site\/wp-content\/uploads\/2025\/08\/O-Aguia-2-3.webp\" alt=\"\" class=\"wp-image-1282\" srcset=\"https:\/\/zozimotavares.com\/site\/wp-content\/uploads\/2025\/08\/O-Aguia-2-3.webp 720w, https:\/\/zozimotavares.com\/site\/wp-content\/uploads\/2025\/08\/O-Aguia-2-3-225x300.webp 225w, https:\/\/zozimotavares.com\/site\/wp-content\/uploads\/2025\/08\/O-Aguia-2-3-56x75.webp 56w, https:\/\/zozimotavares.com\/site\/wp-content\/uploads\/2025\/08\/O-Aguia-2-3-480x640.webp 480w\" sizes=\"auto, (max-width:767px) 480px, 720px\" \/><\/figure>\n\n\n\n<p><em>Edi\u00e7\u00e3o especial sobre o decreto determinando o fechamento do jornal\/ Reprodu\u00e7\u00e3o: acervo do autor.<\/em><\/p>\n","protected":false},"excerpt":{"rendered":"<p>Voltarei a falar sobre o processo industrial de produ\u00e7\u00e3o e impress\u00e3o dos jornais \u2013 dos grandes e dos pequenos, que conheci por dentro e por fora.<span class=\"excerpt-hellip\"> [\u2026]<\/span><\/p>\n","protected":false},"author":2,"featured_media":1281,"comment_status":"closed","ping_status":"closed","sticky":false,"template":"","format":"standard","meta":{"footnotes":""},"categories":[21,29],"tags":[140,244,242],"class_list":["post-1280","post","type-post","status-publish","format-standard","has-post-thumbnail","hentry","category-alem-do-fato","category-memorias","tag-agua-branca","tag-censura-2","tag-jornal-2"],"_links":{"self":[{"href":"https:\/\/zozimotavares.com\/site\/wp-json\/wp\/v2\/posts\/1280","targetHints":{"allow":["GET"]}}],"collection":[{"href":"https:\/\/zozimotavares.com\/site\/wp-json\/wp\/v2\/posts"}],"about":[{"href":"https:\/\/zozimotavares.com\/site\/wp-json\/wp\/v2\/types\/post"}],"author":[{"embeddable":true,"href":"https:\/\/zozimotavares.com\/site\/wp-json\/wp\/v2\/users\/2"}],"replies":[{"embeddable":true,"href":"https:\/\/zozimotavares.com\/site\/wp-json\/wp\/v2\/comments?post=1280"}],"version-history":[{"count":1,"href":"https:\/\/zozimotavares.com\/site\/wp-json\/wp\/v2\/posts\/1280\/revisions"}],"predecessor-version":[{"id":1283,"href":"https:\/\/zozimotavares.com\/site\/wp-json\/wp\/v2\/posts\/1280\/revisions\/1283"}],"wp:featuredmedia":[{"embeddable":true,"href":"https:\/\/zozimotavares.com\/site\/wp-json\/wp\/v2\/media\/1281"}],"wp:attachment":[{"href":"https:\/\/zozimotavares.com\/site\/wp-json\/wp\/v2\/media?parent=1280"}],"wp:term":[{"taxonomy":"category","embeddable":true,"href":"https:\/\/zozimotavares.com\/site\/wp-json\/wp\/v2\/categories?post=1280"},{"taxonomy":"post_tag","embeddable":true,"href":"https:\/\/zozimotavares.com\/site\/wp-json\/wp\/v2\/tags?post=1280"}],"curies":[{"name":"wp","href":"https:\/\/api.w.org\/{rel}","templated":true}]}}