{"id":1218,"date":"2025-07-05T22:08:35","date_gmt":"2025-07-06T01:08:35","guid":{"rendered":"https:\/\/zozimotavares.com\/site\/?p=1218"},"modified":"2025-07-06T12:04:41","modified_gmt":"2025-07-06T15:04:41","slug":"lazaro-do-piaui-50-anos-de-estrada","status":"publish","type":"post","link":"https:\/\/zozimotavares.com\/site\/2025\/07\/05\/lazaro-do-piaui-50-anos-de-estrada\/","title":{"rendered":"L\u00e1zaro do Piau\u00ed: 50 anos de estrada"},"content":{"rendered":"\n<p><\/p>\n\n\n\n<p><em><strong>Ele queria ser jogador de futebol e, para chegar \u00e0 m\u00fasica, recebeu um passe m\u00e1gico de Garrincha, que o apresentou \u00e0 cantora Elza Soares.<\/strong><\/em><\/p>\n\n\n\n<p><\/p>\n\n\n\n<p><\/p>\n\n\n\n<p>Como a maioria dos garotos de sua adolesc\u00eancia, ele queria ser jogador de futebol. Mas decidiu jogar em outro campo.<\/p>\n\n\n\n<p>Na d\u00e9cada de 1960, ao participar de uma roda de samba, no bairro carioca de Olaria, conheceu o jogador Garrincha, ent\u00e3o no auge do sucesso.<\/p>\n\n\n\n<p>O craque do Botafogo e da Sele\u00e7\u00e3o Brasileira o apresentou \u00e0 sua mulher, a cantora Elza Soares. E foi a\u00ed que o jovem L\u00e1zaro, personagem central desta cr\u00f4nica, decidiu seguir a carreira art\u00edstica.<\/p>\n\n\n\n<p>Seu primeiro disco foi um compacto simples que contou com a participa\u00e7\u00e3o de Moreira da Silva.<\/p>\n\n\n\n<p>Apresentou-se, logo depois, no Projeto Pixinguinha, que levou aos palcos de todo o pa\u00eds grandes nomes da MPB, a partir de 1977.<\/p>\n\n\n\n<p><strong>Um homem de sete instrumentos<\/strong><\/p>\n\n\n\n<p>Nesse meio tempo, retornou para Teresina, sua terra natal, formou-se em Economia, trabalhou no servi\u00e7o p\u00fablico e tamb\u00e9m montou seu pr\u00f3prio neg\u00f3cio.<\/p>\n\n\n\n<p>Fez-se radialista e dirigiu r\u00e1dio na capital, sem descuidar-se de seu of\u00edcio de cantor e compositor. Adotou o nome art\u00edstico de L\u00e1zaro do Piau\u00ed.<\/p>\n\n\n\n<p>Comp\u00f4s e gravou m\u00fasicas de todos os estilos: forr\u00f3, rom\u00e2ntica, lambada&#8230; Em cada um delas, a marca registrada da simplicidade e da poesia nas letras, nas melodias e na interpreta\u00e7\u00e3o. Um artista que caiu no gosto popular.<\/p>\n\n\n\n<p>A m\u00fasica <em>Agora \u00e9 tarde<\/em> o lan\u00e7ou definitivamente ao sucesso. <\/p>\n\n\n\n<p>Em 1996, lan\u00e7ou o LP \u201cS\u00f3 por amor\u201d, que ficou tr\u00eas meses na lista dos 100 mais.<\/p>\n\n\n\n<p>Nesse disco, fez uma fus\u00e3o musical indo do funk ao gospel e do rap ao forr\u00f3.<\/p>\n\n\n\n<p>Com esse disco, em 1997, foi indicado ao Pr\u00eamio Sharp na categoria Artista Revela\u00e7\u00e3o Regional.<\/p>\n\n\n\n<p>Apresentou-se em diferentes programas de televis\u00e3o e criou seu pr\u00f3prio est\u00fadio de grava\u00e7\u00e3o.<\/p>\n\n\n\n<p><strong>Forr\u00f3<\/strong><\/p>\n\n\n\n<p>Em 1999, apresentou-se no Primeiro Festival Nacional de Forr\u00f3, em Salvador, ao lado de nomes como Elba Ramalho, Dominguinhos, Fl\u00e1vio Jos\u00e9, Genival Lacerda, Mastruz com Leite e outros.<\/p>\n\n\n\n<p>Em 2000, apresentou-se novamente em Salvador no II Encontro Nacional de Forr\u00f3.<\/p>\n\n\n\n<p>No mesmo ano, gravou o CD \u201cL\u00e1zaro do Piau\u00ed especial\u201d, com destaque para \u201cFa\u00e7o tudo\u201d; \u201cH\u00e1 quanto tempo\u201d e \u201cPr\u00e1 voc\u00ea Rosa\u201d, todas de sua autoria, al\u00e9m de \u201cForr\u00f3 porreta\u201d, que contou com a participa\u00e7\u00e3o especial de Dominguinhos.<\/p>\n\n\n\n<p>Gravou ainda com outras estrelas do forr\u00f3, como Fl\u00e1vio Jos\u00e9.<\/p>\n\n\n\n<p>Atualmente, apresenta na TV Assembleia o programa &#8220;Matutando&#8221;, um emp\u00f3rio cultural.<\/p>\n\n\n\n<p><strong>Jinglista<\/strong><\/p>\n\n\n\n<p>Tamb\u00e9m se tornou uma refer\u00eancia nacional como jinglista. O primeiro foi encomendado pelo economista Felipe Mendes, candidato a deputado federal, em 1986.<\/p>\n\n\n\n<p>Deu certo. O candidato foi eleito para a Assembleia Nacional Constituinte e L\u00e1zaro do Piau\u00ed, revelado um jinglista de m\u00e3o cheia, ganhou a fama de p\u00e9 quente.<\/p>\n\n\n\n<p>N\u00e3o faltaram mais trabalhos nesse campo e um dos mais conhecidos foi o jingle da campanha de reelei\u00e7\u00e3o do governador M\u00e3o Santa, em 1998: \u201c<em>Essa m\u00e3o \u00e9 santa (eu sei)\/A m\u00e3o que abra\u00e7a o povo (eu sei)&#8230; Queremos M\u00e3o Santa de novo<\/em>\u201d.<\/p>\n\n\n\n<p>Em 2006, ganhou fama nacional como jinglista ao criar o jingle da reelei\u00e7\u00e3o do presidente Lula: \u201cDeixa o homem trabalhar\u201d.<\/p>\n\n\n\n<p>L\u00e1zaro do Piau\u00ed presidiu a Funda\u00e7\u00e3o Cultural Monsenhor Chaves e publicou dois livros, \u201cDe Man\u00e9 a Lula \u2013 hist\u00f3ria de um jinglista p\u00e9 quente\u201d e \u201cArtigos de primeira necessidade\u201d, este editado pela Academia Piauiense de Letras, na Cole\u00e7\u00e3o S\u00e9culo 21, na presid\u00eancia do acad\u00eamico Nelson Nery Costa.<\/p>\n\n\n\n<p><strong>Homenagem<\/strong><\/p>\n\n\n\n<p>O cantor levou \u00e0s l\u00e1grimas o amigo Jo\u00e3o Cl\u00e1udio Moreno, ao compor e gravar uma m\u00fasica especialmente para ele: \u201c<em>Amigo Jo\u00e3o, eu vim pra te dizer\/Que teu of\u00edcio e t\u00e3o bonito de se ver\/Saber botar sorriso na boca do povo\/\u00c9 um dom de Deus\/ Isso ningu\u00e9m duvida\/Tu vais contando e alegrando a nossa vida.<\/em>..\u201d <\/p>\n\n\n\n<p>A can\u00e7\u00e3o est\u00e1 na abertura e no encerramento dos shows do humorista.<\/p>\n\n\n\n<p>Amigo e f\u00e3 incondicional de L\u00e1zaro do Piau\u00ed, em 2018 abusei dessa amizade e aventurei-me a pedir que ele gravasse uma m\u00fasica minha, j\u00e1 com letra, melodia e arranjo prontos.<\/p>\n\n\n\n<p>A m\u00fasica, intitulada \u201cRomeiros de Santa Cruz\u201d, ficou um primor em sua voz. <strong>Ou\u00e7a:<\/strong><\/p>\n\n\n\n<figure class=\"wp-block-embed is-type-video is-provider-youtube wp-block-embed-youtube wp-embed-aspect-16-9 wp-has-aspect-ratio\"><div class=\"wp-block-embed__wrapper\">\n<iframe loading=\"lazy\" title=\"&quot;Romeiros de Santa Cruz&quot; (m\u00fasica): VID 20180904 WA0008\" width=\"1220\" height=\"686\" src=\"https:\/\/www.youtube.com\/embed\/QFZtyIIbEyg?feature=oembed\" frameborder=\"0\" allow=\"accelerometer; autoplay; clipboard-write; encrypted-media; gyroscope; picture-in-picture; web-share\" referrerpolicy=\"strict-origin-when-cross-origin\" allowfullscreen><\/iframe>\n<\/div><\/figure>\n\n\n\n<p><strong>Celebra\u00e7\u00e3o<\/strong><\/p>\n\n\n\n<p>Na \u00faltima quinta-feira (03\/07), L\u00e1zaro do Piau\u00ed abriu no <em>Resenha<\/em>, no Jockey Clube, a temporada de shows para comemorar os 50 anos de sua vitoriosa carreira.<\/p>\n\n\n\n<p>Que a casa esteja sempre cheia ao longo da celebra\u00e7\u00e3o, pois, como bem o diz o cantor Frank Aguiar, artista que alcan\u00e7ou o estrelato, L\u00e1zaro do Piau\u00ed, esse multiartista, \u00e9 um patrim\u00f4nio vivo do nosso Estado.<\/p>\n\n\n\n<p>Parab\u00e9ns e sucesso, sempre!<\/p>\n\n\n\n<p>(<em>Com informa\u00e7\u00f5es do Dicion\u00e1rio Cravo Albin da M\u00fasica Popular Brasileira<\/em><strong>&nbsp;<\/strong>\u00a9 2021. Acesso pelo link: &nbsp;<a href=\"https:\/\/dicionariompb.com.br\/artista\/lazaro-do-piaui\/\">https:\/\/dicionariompb.com.br\/artista\/lazaro-do-piaui\/<\/a><\/p>\n\n\n\n<figure class=\"wp-block-image size-large\"><img loading=\"lazy\" decoding=\"async\" width=\"945\" height=\"1024\" src=\"https:\/\/zozimotavares.com\/site\/wp-content\/uploads\/2025\/07\/Lazaro-1-945x1024.webp\" alt=\"\" class=\"wp-image-1223\" srcset=\"https:\/\/zozimotavares.com\/site\/wp-content\/uploads\/2025\/07\/Lazaro-1-945x1024.webp 945w, https:\/\/zozimotavares.com\/site\/wp-content\/uploads\/2025\/07\/Lazaro-1-277x300.webp 277w, https:\/\/zozimotavares.com\/site\/wp-content\/uploads\/2025\/07\/Lazaro-1-768x832.webp 768w, https:\/\/zozimotavares.com\/site\/wp-content\/uploads\/2025\/07\/Lazaro-1-69x75.webp 69w, https:\/\/zozimotavares.com\/site\/wp-content\/uploads\/2025\/07\/Lazaro-1-480x520.webp 480w, https:\/\/zozimotavares.com\/site\/wp-content\/uploads\/2025\/07\/Lazaro-1.webp 973w\" sizes=\"auto, (max-width:767px) 480px, (max-width:945px) 100vw, 945px\" \/><\/figure>\n","protected":false},"excerpt":{"rendered":"<p>Ele queria ser jogador de futebol e, para chegar \u00e0 m\u00fasica, recebeu um passe m\u00e1gico de Garrincha, que o apresentou \u00e0 cantora Elza Soares. Como a<span class=\"excerpt-hellip\"> [\u2026]<\/span><\/p>\n","protected":false},"author":2,"featured_media":1219,"comment_status":"closed","ping_status":"closed","sticky":false,"template":"","format":"standard","meta":{"footnotes":""},"categories":[21,24],"tags":[236,235],"class_list":["post-1218","post","type-post","status-publish","format-standard","has-post-thumbnail","hentry","category-alem-do-fato","category-cronicas","tag-cantor","tag-lazaro-do-piaui"],"_links":{"self":[{"href":"https:\/\/zozimotavares.com\/site\/wp-json\/wp\/v2\/posts\/1218","targetHints":{"allow":["GET"]}}],"collection":[{"href":"https:\/\/zozimotavares.com\/site\/wp-json\/wp\/v2\/posts"}],"about":[{"href":"https:\/\/zozimotavares.com\/site\/wp-json\/wp\/v2\/types\/post"}],"author":[{"embeddable":true,"href":"https:\/\/zozimotavares.com\/site\/wp-json\/wp\/v2\/users\/2"}],"replies":[{"embeddable":true,"href":"https:\/\/zozimotavares.com\/site\/wp-json\/wp\/v2\/comments?post=1218"}],"version-history":[{"count":12,"href":"https:\/\/zozimotavares.com\/site\/wp-json\/wp\/v2\/posts\/1218\/revisions"}],"predecessor-version":[{"id":1238,"href":"https:\/\/zozimotavares.com\/site\/wp-json\/wp\/v2\/posts\/1218\/revisions\/1238"}],"wp:featuredmedia":[{"embeddable":true,"href":"https:\/\/zozimotavares.com\/site\/wp-json\/wp\/v2\/media\/1219"}],"wp:attachment":[{"href":"https:\/\/zozimotavares.com\/site\/wp-json\/wp\/v2\/media?parent=1218"}],"wp:term":[{"taxonomy":"category","embeddable":true,"href":"https:\/\/zozimotavares.com\/site\/wp-json\/wp\/v2\/categories?post=1218"},{"taxonomy":"post_tag","embeddable":true,"href":"https:\/\/zozimotavares.com\/site\/wp-json\/wp\/v2\/tags?post=1218"}],"curies":[{"name":"wp","href":"https:\/\/api.w.org\/{rel}","templated":true}]}}