{"id":1207,"date":"2025-05-04T07:43:32","date_gmt":"2025-05-04T10:43:32","guid":{"rendered":"https:\/\/zozimotavares.com\/site\/?p=1207"},"modified":"2025-05-04T07:46:19","modified_gmt":"2025-05-04T10:46:19","slug":"comunicacao-politica-e-fake-news","status":"publish","type":"post","link":"https:\/\/zozimotavares.com\/site\/2025\/05\/04\/comunicacao-politica-e-fake-news\/","title":{"rendered":"Comunica\u00e7\u00e3o, Pol\u00edtica e Fake News"},"content":{"rendered":"\n<p>O leitor interessado em propaganda, publicidade e pol\u00edtica tem \u00e0 sua disposi\u00e7\u00e3o um livro indispens\u00e1vel. Trata-se de <em>Desfazendo interroga\u00e7\u00f5es&#8230; E por falar em comunica\u00e7\u00e3o<\/em>, rec\u00e9m-lan\u00e7ado em Teresina.<\/p>\n\n\n\n<p>\u00c9 uma obra excepcionalmente oportuna, escrita por um profissional que se dedica a esses temas h\u00e1 40 anos.<\/p>\n\n\n\n<p>Ao longo dessas quatro d\u00e9cadas de atividade ininterrupta, projetou sua ag\u00eancia de publicidade e propaganda como uma das principais do Piau\u00ed e do Nordeste.<\/p>\n\n\n\n<p>Antes de falar do livro, devo falar brevemente do autor e de sua ag\u00eancia.<\/p>\n\n\n\n<p>Digo brevemente porque ambos dispensam maiores apresenta\u00e7\u00f5es, tal \u00e9 o conceito de que desfrutam no mercado.<\/p>\n\n\n\n<p>Mas preciso esbo\u00e7ar seus perfis, destinados, sobretudo, aos mais jovens.<\/p>\n\n\n\n<p><strong>O autor<\/strong><\/p>\n\n\n\n<p>George Mendes, o autor do livro, eu o conheci bem no in\u00edcio de minha milit\u00e2ncia como jornalista, no come\u00e7o da d\u00e9cada de 1980.<\/p>\n\n\n\n<p>Era um jovem economista, rec\u00e9m-chegado da Bahia, onde se formou, e que mesclava sua iniciante carreira profissional com a de m\u00fasico.<\/p>\n\n\n\n<p>Formava dupla com Paulo Batista, como parte de uma gera\u00e7\u00e3o que marcou \u00e9poca no cen\u00e1rio art\u00edstico piauiense, ao lado do Grupo Candeia (Aur\u00e9lio Melo, Z\u00e9 Rodrigues &amp; Cia.), Grupo Varanda, Geraldo Brito, Cruz Neto, Ronaldo Bringel e tantos outros jovens talentos musicais.<\/p>\n\n\n\n<p>\u00c9 dessa \u00e9poca a can\u00e7\u00e3o \u201cQuintal de passarinhos\u201d, parceria sua com o poeta, jornalista e compositor Paulo Jos\u00e9 Cunha, seu primo.<\/p>\n\n\n\n<p>Desde muito cedo, George Mendes conviveu intimamente com a m\u00fasica e a comunica\u00e7\u00e3o.<\/p>\n\n\n\n<p>Seu pai, Francisco Mendes, foi o primeiro diretor da R\u00e1dio Pioneira de Teresina, fundada em 1962.<\/p>\n\n\n\n<p>Ainda pr\u00e9-adolescente, sentia-se atra\u00eddo pela arte e as artimanhas instigantes de seu primo Torquato Neto \u2013 em forma de poesia musical, experimentos cinematogr\u00e1ficos e jornalismo desafinando o coro dos contentes. E sua irm\u00e3 Dina Falc\u00e3o \u00e9 jornalista profissional.<\/p>\n\n\n\n<p><strong>Show em outros palcos<\/strong><\/p>\n\n\n\n<p>A vida o afastou dos palcos e o encaminhou para a comunica\u00e7\u00e3o.<\/p>\n\n\n\n<p>Em 1985, fundou a Plug Propaganda, que n\u00e3o tardou a se estabelecer no mercado. E tamb\u00e9m n\u00e3o demorou a se tornar uma das refer\u00eancias da propaganda regional.<\/p>\n\n\n\n<p>Al\u00e9m da particularidade de ser uma das poucas com tamanha longevidade, em um mercado limitado e ainda fr\u00e1gil, a Plug se destaca ainda por outras peculiaridades que se somam ao seu alto padr\u00e3o de profissionalismo.<\/p>\n\n\n\n<p>Se n\u00e3o for a mais organizada do Piau\u00ed, seguramente estar\u00e1 emparelhada \u00e0 primeira.<\/p>\n\n\n\n<p>Com um portf\u00f3lio de fazer inveja, a ag\u00eancia tornou-se uma escola de propaganda.<\/p>\n\n\n\n<p>Por l\u00e1 passaram ou ainda est\u00e3o grandes cabe\u00e7as da propaganda e da publicidade.<\/p>\n\n\n\n<p>Seu fundador dividiu tamb\u00e9m o tempo de publicit\u00e1rio com a sala de aula.<\/p>\n\n\n\n<p>Como professor universit\u00e1rio, participou da forma\u00e7\u00e3o de muitos profissionais que hoje se destacam no mercado.<\/p>\n\n\n\n<p><strong>Na vida p\u00fablica<\/strong><\/p>\n\n\n\n<p>Tornei-me mais pr\u00f3ximo de George Mendes quando, a convite do prefeito Wall Ferraz, fomos para a Prefeitura de Teresina, em 1993, como secret\u00e1rios \u2013 eu de Comunica\u00e7\u00e3o e ele de Ind\u00fastria e Com\u00e9rcio.<\/p>\n\n\n\n<p>E continuamos como secret\u00e1rios dos prefeitos Francisco Gerardo e Firmino Filho. Sempre tive nele um grande colaborador.<\/p>\n\n\n\n<p>Em depoimento para o livro, o publicit\u00e1rio Siqueira Campos, da SA Propaganda, o apresenta como multiartista, intelectual, empres\u00e1rio, produtor cultural e mais outras capacidades que se encontram no publicit\u00e1rio.<\/p>\n\n\n\n<p>De fato, sendo economista, m\u00fasico, compositor, planejador, empres\u00e1rio e professor, com o m\u00faltiplo talento que possui, George Mendes daria certo em qualquer lugar, como tem dado.<\/p>\n\n\n\n<p>Cito, a t\u00edtulo de ilustra\u00e7\u00e3o, dois feitos de sua passagem pela vida p\u00fablica: na condi\u00e7\u00e3o de secret\u00e1rio municipal de Planejamento, foi o idealizador do maior e mais arrojado projeto social e urban\u00edstico de Teresina \u2013 o Vila Bairro, que deu uma nova cara a mais de 160 vilas e favelas da capital. O projeto recebeu pr\u00eamios nacionais e internacionais.<\/p>\n\n\n\n<p>H\u00e1 tamb\u00e9m o celebrado Programa Lagoas do Norte, de requalifica\u00e7\u00e3o ambiental da cidade de Teresina, igualmente premiado dentro e fora do Brasil.<\/p>\n\n\n\n<p>O vigoroso projeto, vitrine de Teresina para o mundo, foi abra\u00e7ado pelos prefeitos Firmino Filho, Silvio Mendes e Elmano F\u00e9rrer e largado \u00e0s tra\u00e7as na gest\u00e3o municipal passada.<\/p>\n\n\n\n<p><strong>Compartilhando saberes<\/strong><\/p>\n\n\n\n<p>Sua experi\u00eancia profissional sobre propaganda est\u00e1 sendo compartilhada, agora, neste livro <em>Desfazendo interroga\u00e7\u00f5es..<\/em>. <em>E por falar em comunica\u00e7\u00e3o<\/em>, mais um t\u00edtulo que acrescenta \u00e0 sua j\u00e1 expressiva bibliografia.<\/p>\n\n\n\n<p>Nesta obra, exp\u00f5e suas ideias sobre comunica\u00e7\u00e3o, mais especificamente sobre a propaganda, em todas as nuances: fun\u00e7\u00e3o, linguagem, efeitos, mitos, necessidade, oportunidade, marca, etc.<\/p>\n\n\n\n<p>Tamb\u00e9m discute se, afinal, a propaganda \u00e9 arte ou t\u00e9cnica, seus diferentes formatos e custos, e apresenta um passo a passo do fazer publicit\u00e1rio \u2013 briefing, planejamento, atendimento, clientes (tipos), produto\/servi\u00e7o, cria\u00e7\u00e3o, m\u00eddia, mercado.<\/p>\n\n\n\n<p>Aborda, ainda, a comunica\u00e7\u00e3o pol\u00edtica, as <em>fake-news<\/em> e a propaganda do futuro.<\/p>\n\n\n\n<p>Enfim, a obra une teoria e pr\u00e1tica de forma criativa e irretoc\u00e1vel.<\/p>\n\n\n\n<p><strong>Desfazendo certezas<\/strong><\/p>\n\n\n\n<p>No pref\u00e1cio, o jornalista Gustavo Said, professor-doutor em Comunica\u00e7\u00e3o, sentencia:\u00a0 \u201cO objetivo do livro \u00e9 preciso: desfazer qualquer certeza aprior\u00edstica pelas vias do questionamento\u201d.<\/p>\n\n\n\n<p>O cientista pol\u00edtico Washington Bonfim, tamb\u00e9m professor da Universidade Federal do Piau\u00ed, afirma, na apresenta\u00e7\u00e3o, que \u201ca concis\u00e3o dos argumentos apresentados fornece ao leitor uma leitura fluida e envolvente, enquanto a atualidade das reflex\u00f5es faz com que o livro seja um retrato fiel das demandas contempor\u00e2neas do campo da comunica\u00e7\u00e3o\u201d.<\/p>\n\n\n\n<p>Pois \u00e9. N\u00e3o bastasse a longa experi\u00eancia profissional do autor e seu modo did\u00e1tico de expor com clareza suas ideias e apresentar conceitos, ele lan\u00e7a m\u00e3o ainda de vasta bibliografia referencial sobre os assuntos abordados na obra.<\/p>\n\n\n\n<p>Por essas e outras, j\u00e1 \u00e9 o principal livro sobre a propaganda piauiense que se publica at\u00e9 agora.<\/p>\n\n\n\n<p>Quem duvidar, que o leia. Mas a leitura \u00e9 recomend\u00e1vel igualmente para quem n\u00e3o duvida. &nbsp;<\/p>\n\n\n\n<p>Ah! Ao tra\u00e7ar este breve perfil de George Mendes, saltei sua incurs\u00e3o como empres\u00e1rio da noite, com o bar \u201cNunca fomos t\u00e3o felizes\u201d. \u00c9 assunto para outra ocasi\u00e3o.<\/p>\n","protected":false},"excerpt":{"rendered":"<p>O leitor interessado em propaganda, publicidade e pol\u00edtica tem \u00e0 sua disposi\u00e7\u00e3o um livro indispens\u00e1vel. Trata-se de Desfazendo interroga\u00e7\u00f5es&#8230; E por falar em comunica\u00e7\u00e3o, rec\u00e9m-lan\u00e7ado em<span class=\"excerpt-hellip\"> [\u2026]<\/span><\/p>\n","protected":false},"author":2,"featured_media":1208,"comment_status":"closed","ping_status":"closed","sticky":false,"template":"","format":"standard","meta":{"footnotes":""},"categories":[80],"tags":[231,232,31,230],"class_list":["post-1207","post","type-post","status-publish","format-standard","has-post-thumbnail","hentry","category-critica","tag-fake-news-2","tag-george-mendes-2","tag-livro","tag-propaganda"],"_links":{"self":[{"href":"https:\/\/zozimotavares.com\/site\/wp-json\/wp\/v2\/posts\/1207","targetHints":{"allow":["GET"]}}],"collection":[{"href":"https:\/\/zozimotavares.com\/site\/wp-json\/wp\/v2\/posts"}],"about":[{"href":"https:\/\/zozimotavares.com\/site\/wp-json\/wp\/v2\/types\/post"}],"author":[{"embeddable":true,"href":"https:\/\/zozimotavares.com\/site\/wp-json\/wp\/v2\/users\/2"}],"replies":[{"embeddable":true,"href":"https:\/\/zozimotavares.com\/site\/wp-json\/wp\/v2\/comments?post=1207"}],"version-history":[{"count":1,"href":"https:\/\/zozimotavares.com\/site\/wp-json\/wp\/v2\/posts\/1207\/revisions"}],"predecessor-version":[{"id":1209,"href":"https:\/\/zozimotavares.com\/site\/wp-json\/wp\/v2\/posts\/1207\/revisions\/1209"}],"wp:featuredmedia":[{"embeddable":true,"href":"https:\/\/zozimotavares.com\/site\/wp-json\/wp\/v2\/media\/1208"}],"wp:attachment":[{"href":"https:\/\/zozimotavares.com\/site\/wp-json\/wp\/v2\/media?parent=1207"}],"wp:term":[{"taxonomy":"category","embeddable":true,"href":"https:\/\/zozimotavares.com\/site\/wp-json\/wp\/v2\/categories?post=1207"},{"taxonomy":"post_tag","embeddable":true,"href":"https:\/\/zozimotavares.com\/site\/wp-json\/wp\/v2\/tags?post=1207"}],"curies":[{"name":"wp","href":"https:\/\/api.w.org\/{rel}","templated":true}]}}