{"id":1140,"date":"2025-03-28T09:50:46","date_gmt":"2025-03-28T12:50:46","guid":{"rendered":"https:\/\/zozimotavares.com\/site\/?p=1140"},"modified":"2025-04-21T10:02:27","modified_gmt":"2025-04-21T13:02:27","slug":"leal-junior","status":"publish","type":"post","link":"https:\/\/zozimotavares.com\/site\/2025\/03\/28\/leal-junior\/","title":{"rendered":"Leal J\u00fanior, a voz que se cala"},"content":{"rendered":"\n<p>Ainda nem nos refizemos do abalo provocado pelo inesperado falecimento do colega e amigo Wagner Santos, ocorrido na noite de quarta-feira (26\/03), e somos surpreendidos por mais uma triste not\u00edcia, a do falecimento de outro amigo muito estimado, o ex-deputado Leal Junior.<\/p>\n\n\n\n<p>Ele faleceu na noite de ontem (27\/03), aos 76 anos, em Teresina, tamb\u00e9m v\u00edtima de infarto, no hospital onde estava internado h\u00e1 oito dias.<\/p>\n\n\n\n<p>Desde que pendurou a chuteira na pol\u00edtica, Leal J\u00fanior vinha travando uma luta herc\u00falea pela vida.<\/p>\n\n\n\n<p>H\u00e1 pouco mais de 5 anos, passou por um transplante de f\u00edgado e, desde ent\u00e3o, enfrentava graves comorbidades. Nessa situa\u00e7\u00e3o, enfrentou tamb\u00e9m a Covid-19.<\/p>\n\n\n\n<p><strong>Esporte e comunica\u00e7\u00e3o<\/strong><\/p>\n\n\n\n<p>Formado em Direito pela Universidade Federal do Piau\u00ed (UFPI), Leal J\u00fanior atuou como assessor jur\u00eddico da institui\u00e7\u00e3o e chefiou diversos \u00f3rg\u00e3os estaduais.<\/p>\n\n\n\n<p>Mas foi no meio esportivo e na comunica\u00e7\u00e3o que ele ganhou proje\u00e7\u00e3o, antes de se tornar pol\u00edtico.<\/p>\n\n\n\n<p>Presidiu a Funda\u00e7\u00e3o de Assist\u00eancia Geral aos Desportos do Estado do Piau\u00ed (FAGEPI).<\/p>\n\n\n\n<p>Tamb\u00e9m atuou como juiz do Tribunal de Justi\u00e7a Desportiva da Federa\u00e7\u00e3o de Futebol do Piau\u00ed e presidiu o Esporte Clube Flamengo.<\/p>\n\n\n\n<p>E foi comentarista esportivo na TV Clube por v\u00e1rios anos.<\/p>\n\n\n\n<p><strong>Vida p\u00fablica<\/strong><\/p>\n\n\n\n<p>Durante o primeiro governo de Hugo Napole\u00e3o (1983-1986), foi secret\u00e1rio de Comunica\u00e7\u00e3o Social.<\/p>\n\n\n\n<p>Mais adiante, acompanhou Hugo, como chefe de Gabinete, quando o senador ocupou o Minist\u00e9rio da Educa\u00e7\u00e3o, no Governo Sarney.<\/p>\n\n\n\n<p>Voltou \u00e0 Secretaria de Comunica\u00e7\u00e3o Social no governo Freitas Neto (1991-1994).<\/p>\n\n\n\n<p>No segundo Governo Hugo Napole\u00e3o (2001 \u2013 2002), foi secret\u00e1rio de Governo.<\/p>\n\n\n\n<p><strong>Um tribuno<\/strong><\/p>\n\n\n\n<p>Leal J\u00fanior teve uma atua\u00e7\u00e3o marcante na Assembleia Legislativa, na sucess\u00e3o de seu pai, Sebasti\u00e3o da Rocha Leal, um dos grandes nomes da velha guarda da pol\u00edtica piauiense e tamb\u00e9m um dos \u00edcones da Casa, que presidiu em 1993, falecendo no exerc\u00edcio do cargo.<\/p>\n\n\n\n<p>Assim, Leal J\u00fanior foi eleito deputado estadual pelo PFL em 1994, 1998 e 2002.<\/p>\n\n\n\n<p>No governo ou na oposi\u00e7\u00e3o, foi sempre um parlamentar atuante e atento.<\/p>\n\n\n\n<p>Um dos maiores tribunos que j\u00e1 passaram pela Assembleia. Talvez o \u00faltimo.<\/p>\n\n\n\n<p>Bom de debate. Argumentava com seguran\u00e7a no exerc\u00edcio de sua orat\u00f3ria privilegiada, quando ocupava a tribuna ou dava apartes.<\/p>\n\n\n\n<p>Incisivo, mas respeitoso com o oponente.<\/p>\n\n\n\n<p>O primeiro piauiense a presidir a Uni\u00e3o Nacional dos Legisladores e Legislativos Estaduais (Unale), fundada em 1996 para congregar os 1059 deputados estaduais de todo o pa\u00eds e as 27 casas legislativas dos estados brasileiros.<\/p>\n\n\n\n<p>Seu mandato na presid\u00eancia da institui\u00e7\u00e3o foi de 2004 a 2005, com muitas realiza\u00e7\u00f5es.<\/p>\n\n\n\n<p>O deputado Luciano Nunes Filho tamb\u00e9m presidiu a entidade por dois mandatos, entre 2016 e 2018.<\/p>\n\n\n\n<p><strong>Caf\u00e9 de domingo<\/strong><\/p>\n\n\n\n<p>Em minha atividade jornal\u00edstica, mais peguei no p\u00e9 do que favoreci Leal J\u00fanior. Jamais se portou diferente comigo, compreendendo perfeitamente meu papel de analista pol\u00edtico.<\/p>\n\n\n\n<p>Incont\u00e1veis vezes me deu conta de que Dona Dulcin\u00e9ia, sua querida m\u00e3e, lia e comentava meus artigos e minhas notas no caf\u00e9 da manh\u00e3.<\/p>\n\n\n\n<p>At\u00e9 que a sa\u00fade assim o permitiu, Leal J\u00fanior, j\u00e1 no pijama, era frequentador ass\u00edduo de um caf\u00e9 itinerante que t\u00ednhamos aos domingos.<\/p>\n\n\n\n<p>Participavam da roda o prefeito Firmino Filho, o conselheiro Kennedy Barros (TCE), o desembargador Arnaldo Boson (TRT), o ex-conselheiro Sabino Paulo; o psiquiatra Carlos Francisco e outros amigos.<\/p>\n\n\n\n<p>As pautas das conversas eram as mesmas \u2013 futebol e pol\u00edtica \u2013, mas sempre havia algum lance interessante a discutir e a sacudir o esp\u00edrito fraternal da roda.<\/p>\n\n\n\n<p><strong>O bord\u00e3o<\/strong><\/p>\n\n\n\n<p>Depois que deixou a pol\u00edtica, Leal Junior retornou \u00e0 televis\u00e3o como analista pol\u00edtico da TV Meio Norte, onde passou uma boa temporada.<\/p>\n\n\n\n<p>Quando foi comentarista esportivo na TV Clube, entre o final da d\u00e9cada de 1970 e o in\u00edcio da seguinte, Leal J\u00fanior, na introdu\u00e7\u00e3o de um coment\u00e1rio, usava com frequ\u00eancia o bord\u00e3o \u201cMe causa esp\u00e9cie\u201d, para manifestar sua surpresa ou estranheza com determinado fato.<\/p>\n\n\n\n<p>Anos depois, passei a usar o bord\u00e3o em meus artigos, atribuindo a autoria ao seu leg\u00edtimo dono. Ele recebia a cita\u00e7\u00e3o com alegria, pois gostava de saber que sua frase ainda era lembrada mesmo tanto tempo depois de afastado do v\u00eddeo.<\/p>\n\n\n\n<p>Volto a repetir o bord\u00e3o: me causa esp\u00e9cie que Leal J\u00fanior tenha partido t\u00e3o cedo.<\/p>\n\n\n\n<p>Nosso abra\u00e7o e nossa solidariedade a Maria Vict\u00f3ria, sua esposa, e aos filhos Juliana, Ana Fl\u00e1via, Leonardo e Leal Neto.<\/p>\n\n\n\n<p>Que o Senhor da Vida, em sua infinita bondade, tenha miseric\u00f3rdia de sua alma e a acolha em seu Reino de Luz!<\/p>\n","protected":false},"excerpt":{"rendered":"<p>Ainda nem nos refizemos do abalo provocado pelo inesperado falecimento do colega e amigo Wagner Santos, ocorrido na noite de quarta-feira (26\/03), e somos surpreendidos por<span class=\"excerpt-hellip\"> [\u2026]<\/span><\/p>\n","protected":false},"author":2,"featured_media":1141,"comment_status":"closed","ping_status":"open","sticky":false,"template":"","format":"standard","meta":{"footnotes":""},"categories":[21,24],"tags":[208,207,28],"class_list":["post-1140","post","type-post","status-publish","format-standard","has-post-thumbnail","hentry","category-alem-do-fato","category-cronicas","tag-flacimento","tag-leal-junior","tag-piaui"],"_links":{"self":[{"href":"https:\/\/zozimotavares.com\/site\/wp-json\/wp\/v2\/posts\/1140","targetHints":{"allow":["GET"]}}],"collection":[{"href":"https:\/\/zozimotavares.com\/site\/wp-json\/wp\/v2\/posts"}],"about":[{"href":"https:\/\/zozimotavares.com\/site\/wp-json\/wp\/v2\/types\/post"}],"author":[{"embeddable":true,"href":"https:\/\/zozimotavares.com\/site\/wp-json\/wp\/v2\/users\/2"}],"replies":[{"embeddable":true,"href":"https:\/\/zozimotavares.com\/site\/wp-json\/wp\/v2\/comments?post=1140"}],"version-history":[{"count":4,"href":"https:\/\/zozimotavares.com\/site\/wp-json\/wp\/v2\/posts\/1140\/revisions"}],"predecessor-version":[{"id":1166,"href":"https:\/\/zozimotavares.com\/site\/wp-json\/wp\/v2\/posts\/1140\/revisions\/1166"}],"wp:featuredmedia":[{"embeddable":true,"href":"https:\/\/zozimotavares.com\/site\/wp-json\/wp\/v2\/media\/1141"}],"wp:attachment":[{"href":"https:\/\/zozimotavares.com\/site\/wp-json\/wp\/v2\/media?parent=1140"}],"wp:term":[{"taxonomy":"category","embeddable":true,"href":"https:\/\/zozimotavares.com\/site\/wp-json\/wp\/v2\/categories?post=1140"},{"taxonomy":"post_tag","embeddable":true,"href":"https:\/\/zozimotavares.com\/site\/wp-json\/wp\/v2\/tags?post=1140"}],"curies":[{"name":"wp","href":"https:\/\/api.w.org\/{rel}","templated":true}]}}