{"id":1136,"date":"2025-03-27T20:22:51","date_gmt":"2025-03-27T23:22:51","guid":{"rendered":"https:\/\/zozimotavares.com\/site\/?p=1136"},"modified":"2025-04-21T10:02:27","modified_gmt":"2025-04-21T13:02:27","slug":"wagner-santos-um-grande-profissional","status":"publish","type":"post","link":"https:\/\/zozimotavares.com\/site\/2025\/03\/27\/wagner-santos-um-grande-profissional\/","title":{"rendered":"Wagner Santos, um grande profissional"},"content":{"rendered":"\n<p>A fam\u00edlia, os colegas e os amigos se despediram hoje (27\/03) do rep\u00f3rter fotogr\u00e1fico Wagner Santos, que faleceu na tarde de quarta-feira (26), em Teresina.<\/p>\n\n\n\n<p>Ele tinha 64 anos e era diab\u00e9tico. Tamb\u00e9m enfrentou graves problemas hep\u00e1ticos. Faleceu v\u00edtima de um infarto.<\/p>\n\n\n\n<p>O profissional dedicou mais de quatro d\u00e9cadas ao fotojornalismo no Piau\u00ed e cobriu os principais acontecimentos do Estado nesse per\u00edodo.<\/p>\n\n\n\n<p>Wagner Santos iniciou-se na profiss\u00e3o no come\u00e7o dos anos 1980, um pouco antes de mim.<\/p>\n\n\n\n<p>Quando dei os primeiros passos no jornalismo, j\u00e1 o encontrei na reda\u00e7\u00e3o do jornal O DIA, onde trabalhavam tamb\u00e9m os rep\u00f3rteres-fotogr\u00e1ficos Feitosinha e Soares.<\/p>\n\n\n\n<p>\u00c0 \u00e9poca, o Carivaldo Marques, que tamb\u00e9m fez nome no fotojornalismo, j\u00e1 havia assumido cargo de dire\u00e7\u00e3o no jornal e dirigia tamb\u00e9m a Gr\u00e1fica e Editora J\u00fanior.<\/p>\n\n\n\n<p>Pouco tempo depois, com a funda\u00e7\u00e3o do <em>Jornal da Manh\u00e3<\/em>, pelos irm\u00e3os Jesus e Jos\u00e9 Elias Tajra, Wagner Santos e v\u00e1rios outros profissionais de O DIA se transferiram para o novo jornal.<\/p>\n\n\n\n<p>Posteriormente, Wagner foi trabalhar no <em>Di\u00e1rio do Povo<\/em>, onde ficou at\u00e9 se aposentar, consolidando sua trajet\u00f3ria como um dos nomes de refer\u00eancia na cobertura fotogr\u00e1fica.<\/p>\n\n\n\n<p><strong>A foto da capa<\/strong><\/p>\n\n\n\n<p>Trabalhos juntos no <em>Di\u00e1rio do Povo<\/em> por 16 anos, de 2000 a 2016, quando o jornal foi vendido. Ele foi sempre um profissional dedicado, prestativo e bom companheiro.<\/p>\n\n\n\n<p>Era o fot\u00f3grafo do turno da tarde. Pela manh\u00e3, a reda\u00e7\u00e3o contava com o Francisco Gil\u00e1sio, outro grande profissional.<\/p>\n\n\n\n<p>A cobertura fotogr\u00e1fica funcionou assim at\u00e9 que passamos a contar com o refor\u00e7o do Renato Bezerra.<\/p>\n\n\n\n<p>Era do Wagner que eu, como editor-chefe, cobrava a foto da capa do jornal, todos os dias, no fim da tarde. \u00c0s vezes havia uma boa foto; \u00e0s vezes, n\u00e3o. Tivemos muitos embates por conta disso.<\/p>\n\n\n\n<p>Trago dois epis\u00f3dios para ilustrar essa rela\u00e7\u00e3o.<\/p>\n\n\n\n<p><strong>Enterrado em p\u00e9<\/strong><\/p>\n\n\n\n<p>Em 26 de outubro de 2005, morreu o ex-deputado estadual Humberto Reis da Silveira, que passou 50 anos seguidos com mandato parlamentar, caso \u00fanico na Am\u00e9rica Latina.<\/p>\n\n\n\n<p>O ex-deputado havia dito \u00e0 fam\u00edlia que seu \u00faltimo desejo era o de ser sepultado na vertical, em p\u00e9, pois jamais havia se dobrado aos poderosos durante sua longa carreira pol\u00edtica.<\/p>\n\n\n\n<p>O desejo foi cumprido. O Wagner estava no cemit\u00e9rio S\u00e3o Jos\u00e9 na hora do sepultamento, no final da tarde do dia seguinte, fazendo a cobertura.<\/p>\n\n\n\n<p>Quando perguntei pela foto do homem sendo enterrado em p\u00e9, para colocar na primeira p\u00e1gina, o Wagner n\u00e3o a tinha feito. A\u00ed quem quase teve um tro\u00e7o fui eu. &nbsp;<\/p>\n\n\n\n<p><strong>Sucess\u00e3o de 2002<\/strong><\/p>\n\n\n\n<p>Mais adiante, quando come\u00e7aram as especula\u00e7\u00f5es sobre as elei\u00e7\u00f5es estaduais de 2002, o nome do prefeito Firmino Filho era dado como certo para sair como candidato \u00e0 sucess\u00e3o do governador M\u00e3o Santa.<\/p>\n\n\n\n<p>A cr\u00f4nica pol\u00edtica, os programas de TV e os pol\u00edticos s\u00f3 falavam disso. Firmino dava corda, acenando com a possibilidade de deixar a Prefeitura e sair candidato.<\/p>\n\n\n\n<p>O PMDB, que havia indicado o ex-vereador Marcos Silva como vice-prefeito, co\u00e7ava as m\u00e3os para assumir a Prefeitura.<\/p>\n\n\n\n<p>No dia 3 de abril de 2002, o prefeito fez uma reuni\u00e3o pol\u00edtica reservada, com uns poucos convidados, no Gabinete do Pal\u00e1cio Verde, no Parque da Cidade, onde despachava com frequ\u00eancia.<\/p>\n\n\n\n<p>Nesse encontro, Firmino comunicou ao fechado grupo que n\u00e3o seria candidato a governador. A decis\u00e3o estava tomada.<\/p>\n\n\n\n<p>Um dos presentes \u00e0 reuni\u00e3o me passou a informa\u00e7\u00e3o e na mesma hora decidi que ela seria a manchete do jornal, no dia seguinte.<\/p>\n\n\n\n<p>Pedi ao Wagner que ele procurasse uma foto do prefeito em p\u00e9, de costas, parecida com aquela do presidente J\u00e2nio Quadros \u00e0 v\u00e9spera da ren\u00fancia.<\/p>\n\n\n\n<p>O Wagner me trouxe a foto e demos a manchete, com uma mat\u00e9ria assinada por mim: &#8220;Firmino abandona a candidatura&#8221;. No outro dia cedo, o mundo pol\u00edtico estava em polvorosa.<\/p>\n\n\n\n<p>A primeira liga\u00e7\u00e3o que recebi foi do governador M\u00e3o Santa, perguntando que hist\u00f3ria era aquela. Confirmei a informa\u00e7\u00e3o.<\/p>\n\n\n\n<p>O prefeito ficou amuado com o vazamento da informa\u00e7\u00e3o antes de conversar com o governador.<\/p>\n\n\n\n<p>E n\u00f3s colecionamos mais esse furo na imprensa local, com manchete ilustrada com uma foto do Wagner Santos.<\/p>\n\n\n\n<p>Avalio que foi a melhor capa que fizemos no jornal.<\/p>\n\n\n\n<p>Vivemos muitos outros momentos como esse.<\/p>\n\n\n\n<p>\u00c9 com essas lembran\u00e7as que me despe\u00e7o do velho e querido colega de jornada, um esp\u00edrito sempre fraterno, clamando ao Senhor da Vida que acolha sua alma em sua morada de miseric\u00f3rdia!<\/p>\n\n\n\n<p>Siga em paz, companheiro!<\/p>\n\n\n\n<figure class=\"wp-block-gallery has-nested-images columns-default is-cropped wp-block-gallery-1 is-layout-flex wp-block-gallery-is-layout-flex\">\n<figure class=\"wp-block-image size-large\"><img loading=\"lazy\" decoding=\"async\" width=\"1024\" height=\"952\" data-id=\"1138\" src=\"https:\/\/zozimotavares.com\/site\/wp-content\/uploads\/2025\/03\/Capa-Firmino-1024x952.jpeg\" alt=\"\" class=\"wp-image-1138\" srcset=\"https:\/\/zozimotavares.com\/site\/wp-content\/uploads\/2025\/03\/Capa-Firmino-1024x952.jpeg 1024w, https:\/\/zozimotavares.com\/site\/wp-content\/uploads\/2025\/03\/Capa-Firmino-300x279.jpeg 300w, https:\/\/zozimotavares.com\/site\/wp-content\/uploads\/2025\/03\/Capa-Firmino-768x714.jpeg 768w, https:\/\/zozimotavares.com\/site\/wp-content\/uploads\/2025\/03\/Capa-Firmino-1536x1428.jpeg 1536w, https:\/\/zozimotavares.com\/site\/wp-content\/uploads\/2025\/03\/Capa-Firmino-81x75.jpeg 81w, https:\/\/zozimotavares.com\/site\/wp-content\/uploads\/2025\/03\/Capa-Firmino-480x446.jpeg 480w, https:\/\/zozimotavares.com\/site\/wp-content\/uploads\/2025\/03\/Capa-Firmino.jpeg 1600w\" sizes=\"auto, (max-width:767px) 480px, (max-width:1024px) 100vw, 1024px\" \/><\/figure>\n<\/figure>\n\n\n\n<p><em>A capa do Di\u00e1rio com foto de Wagner Santos<\/em><\/p>\n","protected":false},"excerpt":{"rendered":"<p>A fam\u00edlia, os colegas e os amigos se despediram hoje (27\/03) do rep\u00f3rter fotogr\u00e1fico Wagner Santos, que faleceu na tarde de quarta-feira (26), em Teresina. Ele<span class=\"excerpt-hellip\"> [\u2026]<\/span><\/p>\n","protected":false},"author":2,"featured_media":1137,"comment_status":"closed","ping_status":"open","sticky":false,"template":"","format":"standard","meta":{"footnotes":""},"categories":[21,24],"tags":[206,28,205],"class_list":["post-1136","post","type-post","status-publish","format-standard","has-post-thumbnail","hentry","category-alem-do-fato","category-cronicas","tag-fotojornalismo","tag-piaui","tag-wagner-santos"],"_links":{"self":[{"href":"https:\/\/zozimotavares.com\/site\/wp-json\/wp\/v2\/posts\/1136","targetHints":{"allow":["GET"]}}],"collection":[{"href":"https:\/\/zozimotavares.com\/site\/wp-json\/wp\/v2\/posts"}],"about":[{"href":"https:\/\/zozimotavares.com\/site\/wp-json\/wp\/v2\/types\/post"}],"author":[{"embeddable":true,"href":"https:\/\/zozimotavares.com\/site\/wp-json\/wp\/v2\/users\/2"}],"replies":[{"embeddable":true,"href":"https:\/\/zozimotavares.com\/site\/wp-json\/wp\/v2\/comments?post=1136"}],"version-history":[{"count":1,"href":"https:\/\/zozimotavares.com\/site\/wp-json\/wp\/v2\/posts\/1136\/revisions"}],"predecessor-version":[{"id":1139,"href":"https:\/\/zozimotavares.com\/site\/wp-json\/wp\/v2\/posts\/1136\/revisions\/1139"}],"wp:featuredmedia":[{"embeddable":true,"href":"https:\/\/zozimotavares.com\/site\/wp-json\/wp\/v2\/media\/1137"}],"wp:attachment":[{"href":"https:\/\/zozimotavares.com\/site\/wp-json\/wp\/v2\/media?parent=1136"}],"wp:term":[{"taxonomy":"category","embeddable":true,"href":"https:\/\/zozimotavares.com\/site\/wp-json\/wp\/v2\/categories?post=1136"},{"taxonomy":"post_tag","embeddable":true,"href":"https:\/\/zozimotavares.com\/site\/wp-json\/wp\/v2\/tags?post=1136"}],"curies":[{"name":"wp","href":"https:\/\/api.w.org\/{rel}","templated":true}]}}