{"id":1128,"date":"2025-03-26T08:04:12","date_gmt":"2025-03-26T11:04:12","guid":{"rendered":"https:\/\/zozimotavares.com\/site\/?p=1128"},"modified":"2025-04-21T10:02:27","modified_gmt":"2025-04-21T13:02:27","slug":"hardi-filho-o-poeta-do-simples","status":"publish","type":"post","link":"https:\/\/zozimotavares.com\/site\/2025\/03\/26\/hardi-filho-o-poeta-do-simples\/","title":{"rendered":"Hardi Filho, o poeta do simples"},"content":{"rendered":"\n<p><\/p>\n\n\n\n<p>Hoje (26\/03) faz dez anos do sil\u00eancio do poeta Hardi Filho. Tive o privil\u00e9gio de conhecer sua obra e conviver por longos anos com sua figura humana admir\u00e1vel.<\/p>\n\n\n\n<p>A defini\u00e7\u00e3o precisa de Hardi Filho saiu da pena irretoc\u00e1vel do escritor e cr\u00edtico liter\u00e1rio Herculano Moraes. Em s\u00edntese, \u00e9 esta:<\/p>\n\n\n\n<p>\u201c<em>Poeta de fina sensibilidade, cl\u00e1ssico na forma, rom\u00e2ntico na ess\u00eancia e simbolista no fundo. A exegese de sua po\u00e9tica repousa precisamente na comunica\u00e7\u00e3o epid\u00e9rmica de suas mensagens. Um dos maiores artes\u00e3os da palavra desta gera\u00e7\u00e3o de escritores utilizando como instrumental a imagem tradicionalista revestida de ess\u00eancia nova e transcendente. Ele chega a resumir a \u00faltima gl\u00f3ria de uma poesia efetivamente compromissada com os estados interiores da alma<\/em>\u201d.<\/p>\n\n\n\n<p>Hardi, Herculano, Francisco Miguel de Moura, Osvaldo Lemos e outros jovens idealistas da \u00e9poca fundaram, no final dos anos 1960, em Teresina, o C\u00edrculo Liter\u00e1rio Piauiense, o CLIP, ativo n\u00facleo de intelectuais que marcou a cena cultural de Teresina por mais de duas d\u00e9cadas.<\/p>\n\n\n\n<p>O poeta Hardi Filho completou a sua miss\u00e3o em 26 de mar\u00e7o de 2015. Tinha 81 anos e estava internado havia mais de uma semana, com problemas decorrentes de pneumonia.<\/p>\n\n\n\n<p>Al\u00e9m de poeta, era tamb\u00e9m jornalista, ensa\u00edsta e funcion\u00e1rio p\u00fablico federal aposentado (servidor do Ibama).<\/p>\n\n\n\n<p><strong>Intelectual do Ano<\/strong><\/p>\n\n\n\n<p>Hardi se notabilizou como ex\u00edmio sonetista, com linguem simples, musical e t\u00e9cnica apurada. Publicou v\u00e1rios livros, alguns deles adotados nos vestibulares, quando a Literatura Piauiense era cobrada nesses concursos.<\/p>\n\n\n\n<p>Ele nasceu em Fortaleza, mas veio para Teresina ainda mo\u00e7o, para implantar o antigo IBDF (Instituto Brasileiro de Desenvolvimento Florestal), hoje Ibama.<\/p>\n\n\n\n<p>Com uma atua\u00e7\u00e3o marcante na vida cultural do Piau\u00ed, ele pertenceu \u00e0 Uni\u00e3o Brasileira de Escritores (UBE), Se\u00e7\u00e3o do Piau\u00ed, e recebeu em 1996 o t\u00edtulo de \u201cIntelectual do Ano\u201d.<\/p>\n\n\n\n<p>Ocupava a Cadeira 21 da Academia Piauiense de Letras.<\/p>\n\n\n\n<p>Integrou o Conselho Editorial da Funda\u00e7\u00e3o Cultural Monsenhor Chaves. Colaborou em verso e prosa em revistas, jornais e livros do Piau\u00ed e de outros Estados, a partir da d\u00e9cada de 1960.<\/p>\n\n\n\n<p><strong>Obra completa<\/strong><\/p>\n\n\n\n<p>O legado liter\u00e1rio de Hardi Filho \u00e9 constitu\u00eddo de uma vasta obra, constru\u00edda com rara sensibilidade po\u00e9tica no decorrer de uma longa carreira.<\/p>\n\n\n\n<p>Ao longo de sua luminosa trajet\u00f3ria liter\u00e1ria, publicou os livros <em>Cinzas e Orvalhos<\/em> (1964); <em>Gruta Iluminada <\/em>(1971); <em>Poesia e Dor \u2013 Ensaio sobre Celso Pinheiro<\/em>, poeta piauiense (1974); <em>Poesias de Desencanto e de Amor<\/em> (1983); <em>Teoria do Simples<\/em> (1986); <em>Cantovia<\/em> (1986); <em>Poesia e Dor no Simbolismo de Celso Pinheiro<\/em> (1987); <em>Suic\u00eddio do Tempo<\/em> (1991); <em>Oliveira Neto \u2013 Ensaios<\/em> (1994); <em>Esta\u00e7\u00e3o 14<\/em> (1997); <em>Veneno das Horas<\/em> (2000); <em>O Dedo do Homem <\/em>(2000), entre outros.<\/p>\n\n\n\n<p>A Academia Piauiense de Letras publicou, postumamente, pela Cole\u00e7\u00e3o Centen\u00e1rio, seu livro de cr\u00f4nicas <em>Dia Rio<\/em>.<\/p>\n\n\n\n<p><strong>O poeta vive!<\/strong><\/p>\n\n\n\n<p>Pelo conjunto da obra, pelo seu modo particular de interpretar, traduzir e expressar os sentimentos mais profundos em linguagem clara, chamei-o de \u201cpoeta do simples\u201d, na cr\u00f4nica de saudade sobre o seu sil\u00eancio, publicada h\u00e1 dez anos. Como sabem, \u00e9 dif\u00edcil escrever f\u00e1cil.<\/p>\n\n\n\n<p>O poeta contempla o tempo e o vento, em concreto armado, em uma est\u00e1tua que seu amigo e poeta Ozildo Batista de Barros mandou o artista Benedito de Deus Nunes esculpir, em sua mem\u00f3ria, e plantou entre as elegantes carnaubeiras de sua ch\u00e1cara <em>Falecido Amor<\/em>, em Sussuapara, ch\u00e3o tantas vezes pisado por Hardi.<\/p>\n\n\n\n<p>Ao lado da espl\u00eandida obra liter\u00e1ria, o poeta deixou ainda o exemplo de homem bom, simples, sereno, decente e af\u00e1vel, que faz muita falta a Ad\u00e9lia, a toda a sua fam\u00edlia, \u00e0 Academia Piauiense de Letras e aos seus amigos e leitores.<\/p>\n\n\n\n<p>Por isso tamb\u00e9m vive na saudade de todos.<\/p>\n\n\n\n<figure class=\"wp-block-image size-large\"><img loading=\"lazy\" decoding=\"async\" width=\"768\" height=\"1024\" src=\"https:\/\/zozimotavares.com\/site\/wp-content\/uploads\/2025\/03\/hardi-estatua-768x1024.jpeg\" alt=\"\" class=\"wp-image-1133\" srcset=\"https:\/\/zozimotavares.com\/site\/wp-content\/uploads\/2025\/03\/hardi-estatua-768x1024.jpeg 768w, https:\/\/zozimotavares.com\/site\/wp-content\/uploads\/2025\/03\/hardi-estatua-225x300.jpeg 225w, https:\/\/zozimotavares.com\/site\/wp-content\/uploads\/2025\/03\/hardi-estatua-1152x1536.jpeg 1152w, https:\/\/zozimotavares.com\/site\/wp-content\/uploads\/2025\/03\/hardi-estatua-56x75.jpeg 56w, https:\/\/zozimotavares.com\/site\/wp-content\/uploads\/2025\/03\/hardi-estatua-480x640.jpeg 480w, https:\/\/zozimotavares.com\/site\/wp-content\/uploads\/2025\/03\/hardi-estatua.jpeg 1200w\" sizes=\"auto, (max-width:767px) 480px, (max-width:768px) 100vw, 768px\" \/><\/figure>\n\n\n\n<p><em>Est\u00e1tua do poeta Hardi Filho\/Imagem: Ozildo Batista de Barros<\/em><\/p>\n","protected":false},"excerpt":{"rendered":"<p>Hoje (26\/03) faz dez anos do sil\u00eancio do poeta Hardi Filho. Tive o privil\u00e9gio de conhecer sua obra e conviver por longos anos com sua figura<span class=\"excerpt-hellip\"> [\u2026]<\/span><\/p>\n","protected":false},"author":2,"featured_media":1129,"comment_status":"closed","ping_status":"open","sticky":false,"template":"","format":"standard","meta":{"footnotes":""},"categories":[21,24],"tags":[204,78],"class_list":["post-1128","post","type-post","status-publish","format-standard","has-post-thumbnail","hentry","category-alem-do-fato","category-cronicas","tag-hardi-filho","tag-poesia"],"_links":{"self":[{"href":"https:\/\/zozimotavares.com\/site\/wp-json\/wp\/v2\/posts\/1128","targetHints":{"allow":["GET"]}}],"collection":[{"href":"https:\/\/zozimotavares.com\/site\/wp-json\/wp\/v2\/posts"}],"about":[{"href":"https:\/\/zozimotavares.com\/site\/wp-json\/wp\/v2\/types\/post"}],"author":[{"embeddable":true,"href":"https:\/\/zozimotavares.com\/site\/wp-json\/wp\/v2\/users\/2"}],"replies":[{"embeddable":true,"href":"https:\/\/zozimotavares.com\/site\/wp-json\/wp\/v2\/comments?post=1128"}],"version-history":[{"count":3,"href":"https:\/\/zozimotavares.com\/site\/wp-json\/wp\/v2\/posts\/1128\/revisions"}],"predecessor-version":[{"id":1135,"href":"https:\/\/zozimotavares.com\/site\/wp-json\/wp\/v2\/posts\/1128\/revisions\/1135"}],"wp:featuredmedia":[{"embeddable":true,"href":"https:\/\/zozimotavares.com\/site\/wp-json\/wp\/v2\/media\/1129"}],"wp:attachment":[{"href":"https:\/\/zozimotavares.com\/site\/wp-json\/wp\/v2\/media?parent=1128"}],"wp:term":[{"taxonomy":"category","embeddable":true,"href":"https:\/\/zozimotavares.com\/site\/wp-json\/wp\/v2\/categories?post=1128"},{"taxonomy":"post_tag","embeddable":true,"href":"https:\/\/zozimotavares.com\/site\/wp-json\/wp\/v2\/tags?post=1128"}],"curies":[{"name":"wp","href":"https:\/\/api.w.org\/{rel}","templated":true}]}}