{"id":1110,"date":"2025-03-22T11:26:36","date_gmt":"2025-03-22T14:26:36","guid":{"rendered":"https:\/\/zozimotavares.com\/site\/?p=1110"},"modified":"2025-04-21T10:02:27","modified_gmt":"2025-04-21T13:02:27","slug":"30-anos-sem-wall-ferraz","status":"publish","type":"post","link":"https:\/\/zozimotavares.com\/site\/2025\/03\/22\/30-anos-sem-wall-ferraz\/","title":{"rendered":"30 anos sem Wall Ferraz"},"content":{"rendered":"\n<p>Era por volta das 22h30 de 22 de mar\u00e7o de 1995 quando recebi, em casa, pelo telefone a not\u00edcia j\u00e1 de certo modo esperada, mas nunca desejada: \u201cZ\u00f3zimo, nosso mestre acaba de falecer! \u201d.<\/p>\n\n\n\n<p>Do outro lado da linha estava, pesaroso, o professor Kleber Montezuma, secret\u00e1rio municipal de Trabalho e A\u00e7\u00e3o Comunit\u00e1ria e um dos fi\u00e9is escudeiros do professor Wall Ferraz, o prefeito que Teresina acabava de perder.<\/p>\n\n\n\n<p>Com sua morte, naquela noite triste e fria de mar\u00e7o, Wall encerrava seu longo calv\u00e1rio, iniciado depois do meio-dia de 13 de fevereiro de 1995, quando sofreu isquemia cerebral, em casa.<\/p>\n\n\n\n<p>Naquele dia, ele acabava de chegar de uma visita \u00e0s obras do hospital-maternidade do bairro Dirceu Arcoverde (que depois receberia seu nome).<\/p>\n\n\n\n<p>O prefeito fizera a visita de inspe\u00e7\u00e3o em companhia do presidente da Funda\u00e7\u00e3o Municipal de Sa\u00fade, Silvio Mendes.<\/p>\n\n\n\n<p>E aquela que seria apenas mais uma das tantas visitas de rotina que ele fazia \u00e0s obras em andamento nos bairros da capital, acabou sendo a \u00faltima. E tamb\u00e9m sua \u00faltima atividade como prefeito.<\/p>\n\n\n\n<p><strong>Mal-estar<\/strong><\/p>\n\n\n\n<p>Quando o prefeito come\u00e7ou a passar mal, seu m\u00e9dico particular, o neurocirurgi\u00e3o e deputado estadual Wilson Martins, que era seu vizinho, foi chamado pela fam\u00edlia para atend\u00ea-lo.<\/p>\n\n\n\n<p>O m\u00e9dico encontrou o prefeito agonizante, num acesso de v\u00f4mito.<\/p>\n\n\n\n<p>Prestou os primeiros-socorros e o conduziu \u00e0s pressas em seu pr\u00f3prio carro ao Prontocor (hoje Prontocapi), no bairro Ilhotas, que \u00e0 \u00e9poca funcionava com servi\u00e7o de urg\u00eancia e emerg\u00eancia.<\/p>\n\n\n\n<p>Nesse deslocamento, o m\u00e9dico contou com a ajuda do filho mais novo do prefeito, Rodrigo Ferraz, \u00e0 \u00e9poca acad\u00eamico de jornalismo.<\/p>\n\n\n\n<p>\u201cO professor Wall encontrava-se hemipl\u00e9gico \u00e0 direita, af\u00e1sico, dispneico, com altera\u00e7\u00f5es no ritmo card\u00edaco e com a press\u00e3o arterial de 240 por 120 mmHg\u201d, diagnosticou o Dr. Wilson Martins.<\/p>\n\n\n\n<p>Em outras palavras, o prefeito estava com um lado paralisado, sem fala e com assustadores picos de press\u00e3o.<\/p>\n\n\n\n<p>Atendido no Prontocor, Wall reagiu bem e recebeu alta hospitalar tr\u00eas dias depois, para continuar o tratamento em casa.<\/p>\n\n\n\n<p>Foi montada uma cl\u00ednica particular em um dos quartos de sua resid\u00eancia, situada na Pra\u00e7a 16 de Agosto e mais conhecida como \u201cPra\u00e7a do Prefeito\u201d, no bairro S\u00e3o Crist\u00f3v\u00e3o, zona Leste de Teresina.<\/p>\n\n\n\n<p>Nela, se revezavam um cardiologista, um neurologista, um fisioterapeuta e uma fonoaudi\u00f3loga.<\/p>\n\n\n\n<p>A equipe era supervisionada pelos doutores Wilson Martins e Silvio Mendes.<\/p>\n\n\n\n<p>\u201cA evolu\u00e7\u00e3o foi t\u00e3o surpreendente que a partir de 18 de fevereiro o prefeito j\u00e1 via TV e fazia as primeiras refei\u00e7\u00f5es \u00e0 mesa de jantar. Desde ent\u00e3o, at\u00e9 24 de fevereiro, s\u00f3 houve melhoras. O prefeito j\u00e1 caminhava sozinho e pronunciava monoss\u00edlabos, l\u00facido, consciente e participativo\u201d, contaram seus m\u00e9dicos.<\/p>\n\n\n\n<p><strong>Reca\u00edda<\/strong><\/p>\n\n\n\n<p>Mas Wall teve uma reca\u00edda no dia 28 e foi novamente internado \u00e0s pressas, agora no Hospital Get\u00falio Vargas (HGV).<\/p>\n\n\n\n<p>Inicialmente, os m\u00e9dicos n\u00e3o quiseram fazer alarde sobre a gravidade da doen\u00e7a do prefeito.<\/p>\n\n\n\n<p>As informa\u00e7\u00f5es sobre o quadro de sa\u00fade de Wall eram transmitidas pelos doutores Wilson Martins e Silvio Mendes e repassadas por mim \u00e0 imprensa.<\/p>\n\n\n\n<p>Diante das complica\u00e7\u00f5es card\u00edacas, respirat\u00f3rias e renais do paciente, a equipe m\u00e9dica decidiu transferi-lo para o Hospital Albert Einstein, em S\u00e3o Paulo, na noite de 1\u00ba de mar\u00e7o, em uma UTI do Ar.<\/p>\n\n\n\n<p>Em S\u00e3o Paulo, seu estado de sa\u00fade se agravava a cada dia, por conta de uma infec\u00e7\u00e3o hospitalar. N\u00e3o ficou claro se ela foi adquirida em Teresina ou l\u00e1.<\/p>\n\n\n\n<p><strong>Mart\u00edrio<\/strong><\/p>\n\n\n\n<p>Depois de ficar 21 dias entre a vida e a morte, respirando atrav\u00e9s de aparelhos, Wall faleceu na noite de 22 de mar\u00e7o, aos 63 anos, no auge de sua carreira pol\u00edtica e quando exercia o terceiro mandato de prefeito da capital.<\/p>\n\n\n\n<p>O Hospital Albert Einstein deu como <em>causa mortis<\/em> \u201cfibrila\u00e7\u00e3o ventricular, acidente vascular cerebral e insufici\u00eancia respirat\u00f3ria\u201d.<\/p>\n\n\n\n<p>Wall Ferraz era um homem de sa\u00fade prec\u00e1ria. Cardiopata, levava uma vida regrada.<\/p>\n\n\n\n<p>Era disciplinado com alimenta\u00e7\u00e3o e rem\u00e9dios. Tamb\u00e9m com a jornada de trabalho.<\/p>\n\n\n\n<p>Chegava pontualmente \u00e0s 7h30 no gabinete e sa\u00eda ao meio-dia. Estava de volta antes das 15h e sa\u00eda \u00e0s 19h da Prefeitura.<\/p>\n\n\n\n<p>Levava uma vida reservada, restrita ao cumprimento da agenda oficial.<\/p>\n\n\n\n<p><strong>Teresina entre a dor e a incerteza<\/strong><\/p>\n\n\n\n<p>Ao mesmo tempo em que o professor Wall findava sua agonia, Teresina era tomada pela como\u00e7\u00e3o p\u00fablica.<\/p>\n\n\n\n<p>As ruas que levavam ao aeroporto se encheram rapidamente, desde a manh\u00e3 do dia 23. Eram pessoas simples, que acorriam de todos os pontos da cidade.<\/p>\n\n\n\n<p>Elas partiam principalmente dos bairros e vilas mais distantes, de \u00f4nibus, de bicicleta, a p\u00e9, para dar o \u00faltimo adeus ao seu prefeito.<\/p>\n\n\n\n<p>As emissoras de TV dedicavam cobertura especial \u00e0 chegada do corpo e ao sepultamento, no final da tarde, no cemit\u00e9rio S\u00e3o Jos\u00e9.<\/p>\n\n\n\n<p>Naquela \u00e9poca, esse tipo de cobertura n\u00e3o era t\u00e3o trivial quanto agora.<\/p>\n\n\n\n<p><strong>A despedida<\/strong><\/p>\n\n\n\n<p>N\u00e3o fui ao aeroporto. Acompanhei tudo, o dia inteiro, pelo r\u00e1dio e pela televis\u00e3o, de minha sala, no Pal\u00e1cio da Cidade, de onde tamb\u00e9m passava informa\u00e7\u00f5es \u00e0 imprensa.<\/p>\n\n\n\n<p>Eu exercia o cargo de secret\u00e1rio de Comunica\u00e7\u00e3o do prefeito.<\/p>\n\n\n\n<p>Bem cedo, providenciei a impress\u00e3o de milhares de cartazes com fotografia do professor Wall para distribuir \u00e0 popula\u00e7\u00e3o durante a despedida do prefeito.<\/p>\n\n\n\n<p>Era para que os teresinenses pudessem guardar uma \u00faltima lembran\u00e7a daquele que uma reportagem da Rede Globo mostrou como o \u201cmelhor prefeito do Brasil\u201d, com base em pesquisa nacional do Ibope.<\/p>\n\n\n\n<p>Na reportagem, feita pelo jornalista Leonel da Mata, Wall era apresentado como \u201cBem-amado\u201d. &nbsp;<\/p>\n\n\n\n<p>O jornalista e escritor Herculano Moraes captou e expressou com sensibilidade aquele momento de pesar, atrav\u00e9s de cr\u00f4nica publicada na imprensa local:<\/p>\n\n\n\n<p>\u201cO semblante assustado de Z\u00f3zimo Tavares, naquela manh\u00e3 de quinta-feira, 23 de mar\u00e7o de 1995, n\u00e3o traduzia completamente a dor que a alma escondia. Nossa conversa, que frequentemente \u00e9 longa e permeada de natural alegria, foi silenciosa\u201d.<\/p>\n\n\n\n<p><strong>Piet\u00e1<\/strong><\/p>\n\n\n\n<p>A professora Cec\u00edlia Mendes, da Universidade Federal do Piau\u00ed, pintou a imagem precisa para retratar Teresina naquele dia de luto: \u201cComo uma Piet\u00e1, Teresina recebeu da cruz o corpo amado de seu filho morto. O olhar, a dor e o pranto sereno da terra-m\u00e3e expressam fielmente a desola\u00e7\u00e3o de todos os teresinenses. O filho era, de certo modo, o benfeitor dos mais pobres, dos migrantes que a cidade acolheu, dos habitantes das vilas da periferia pelos quais tanto trabalhou, dos servidores da Prefeitura com quem conviveu, dos garis que protegeu, dos camel\u00f4s que n\u00e3o expulsou, dos professores que tratou de igual para igual, dos fieis assessores que ouviu e orientou, dos intelectuais cuja produ\u00e7\u00e3o valorizou, dos artistas populares que estimulou\u201d.<\/p>\n\n\n\n<p>Sem Wall, que era tamb\u00e9m seu Mois\u00e9s, Teresina de repente perdia seu guia.&nbsp;<\/p>\n\n\n\n<p>Eu, como outros auxiliares do prefeito, estava determinado a deixar o secretariado.<\/p>\n\n\n\n<p>O vice-prefeito Francisco Gerardo, j\u00e1 investido no cargo de prefeito, reuniu a equipe e fez um apelo dram\u00e1tico para que todos continuassem em seus postos, redobrassem os esfor\u00e7os e levassem adiante o trabalho iniciado por Wall Ferraz.<\/p>\n\n\n\n<p>Isso, nas suas palavras, seria a nossa maior e melhor homenagem ao professor Wall. Ficamos todos.<\/p>\n\n\n\n<p><strong>Um pol\u00edtico como nunca se viu<\/strong><\/p>\n\n\n\n<p>O professor Wall Ferraz imprimiu um estilo particular de administra\u00e7\u00e3o em Teresina. Um prefeito que marcou \u00e9poca. Um gestor que ficou na mem\u00f3ria de seu povo como um pol\u00edtico que tinha atitudes firmes, que governava para os mais necessitados, que zelava pela correta aplica\u00e7\u00e3o dos recursos p\u00fablicos, que era arredio a propaganda e n\u00e3o tolerava esbanjamentos.<\/p>\n\n\n\n<p>Preocupava-se com obras estruturantes, como os corredores de tr\u00e1fego. S\u00e3o de sua gest\u00e3o as interven\u00e7\u00f5es nas entradas e sa\u00eddas de Teresina, com a duplica\u00e7\u00e3o da Avenida Jo\u00e3o XXIII e a constru\u00e7\u00e3o do Anel Vi\u00e1rio Sul.<\/p>\n\n\n\n<p>Da mesma forma, preocupava-se com uma pracinha de bairro ou de uma vila da periferia ou com a bandinha de m\u00fasica. Ou com os jardins dos passeios p\u00fablicos.<\/p>\n\n\n\n<p>S\u00f3 inaugurava uma escola ou uma unidade de sa\u00fade quando ela estava funcionando a pleno vapor. E voltava depois, sem avisar, para checar o funcionamento.<\/p>\n\n\n\n<p>N\u00e3o embromava, n\u00e3o dava calote, n\u00e3o recebia servi\u00e7o malfeito, cumpria os hor\u00e1rios rigorosamente.<\/p>\n\n\n\n<p>N\u00e3o era de distribuir tapinhas ou abra\u00e7os. Nem sorrisos.<\/p>\n\n\n\n<p>Apesar disso, desfrutava de grandiosa e invej\u00e1vel popularidade.<\/p>\n\n\n\n<p><strong>Breve perfil<\/strong><\/p>\n\n\n\n<p>Era professor de Hist\u00f3ria da Universidade Federal do Piau\u00ed. Come\u00e7ou sua vida p\u00fablica como vereador de Teresina, no final dos anos 1950. Foi vice-prefeito da capital na d\u00e9cada de 1960.<\/p>\n\n\n\n<p>Secret\u00e1rio estadual de Educa\u00e7\u00e3o no primeiro Governo Alberto Silva (1971-1975) e prefeito de Teresina de 1975 a 1979.<\/p>\n\n\n\n<p>Em 1982, elegeu-se deputado federal, pelo PMDB, praticamente com os votos da capital.<\/p>\n\n\n\n<p>Voltou \u00e0 Prefeitura de Teresina em 1986, com o restabelecimento da elei\u00e7\u00e3o para prefeito das capitais.<\/p>\n\n\n\n<p>Como gestor p\u00fablico, tinha uma especial aten\u00e7\u00e3o pela educa\u00e7\u00e3o e a cultura.<\/p>\n\n\n\n<p>Em sua segunda gest\u00e3o de prefeito (1986-1989), criou a Funda\u00e7\u00e3o Cultural Monsenhor Chaves.<\/p>\n\n\n\n<p>Na terceira (1993-1995), eleito pelo PSDB, criou a Lei A. Tito Filho, de incentivo \u00e0 cultura, inexplicavelmente abandonada h\u00e1 v\u00e1rios anos.<\/p>\n\n\n\n<p>\u00c9 dessa \u00e9poca tamb\u00e9m a Casa da Cultura de Teresina, abrigo dos acervos do jornalista Carlos Castello Branco e do fotojornalista Jos\u00e9 Medeiros. O espa\u00e7o foi criminosamente desmontado na gest\u00e3o passada.<\/p>\n\n\n\n<p>Tamb\u00e9m s\u00e3o desse per\u00edodo o Bal\u00e9 da Cidade e a Orquestra de C\u00e2mera, que viria a se transformar na Orquestra Sinf\u00f4nica de Teresina.<\/p>\n\n\n\n<p><strong>A escolha dos auxiliares<\/strong><\/p>\n\n\n\n<p>&nbsp;\u201cQuando vou escolher um auxiliar, penso apenas n\u00e3o uma ou duas vezes. Penso dez vezes. Se ele falhar, fui eu quem falhei\u201d.<\/p>\n\n\n\n<p>Era assim que explicava o seu crit\u00e9rio particular de escolha dos assessores, em sua esmagadora maioria recrutados dos quadros t\u00e9cnicos.<\/p>\n\n\n\n<p>Quando notava que um ou outro secret\u00e1rio n\u00e3o estava bem, ele se mudava para dentro da secretaria, para lhe dar apoio, at\u00e9 a pasta funcionar a contento.<\/p>\n\n\n\n<p>Foi por este tipo de escolha que, apesar do abalo provocado pela sua inesperada morte, a gest\u00e3o por ele iniciada em janeiro de 1993 tocou sem sobressaltos os projetos planejados para o per\u00edodo.<\/p>\n\n\n\n<p>Sob a lideran\u00e7a do prefeito Francisco Gerardo, um engenheiro escolhido a dedo como seu vice, em homenagem aos servidores da Prefeitura, a gest\u00e3o foi conclu\u00edda sem traumas.<\/p>\n\n\n\n<p>Isso apesar da inapet\u00eancia de seu sucessor para o exerc\u00edcio do poder e da pol\u00edtica.<\/p>\n\n\n\n<p><strong>Vit\u00f3ria improv\u00e1vel<\/strong><\/p>\n\n\n\n<p>A equipe uniu-se de tal forma, e a cidade compreendeu o esfor\u00e7o coletivo para levar adiante a miss\u00e3o interrompida pelo destino, que o grupo do prefeito acabou vencendo a elei\u00e7\u00e3o de 1996.<\/p>\n\n\n\n<p>Os tucanos derrotavam nas urnas, pela segunda vez, um mito da pol\u00edtica piauiense, o ex-governador e ex-senador Alberto Silva (PMDB), ent\u00e3o deputado federal.<\/p>\n\n\n\n<p>E ganharam o pleito com um candidato desconhecido, o economista e professor Firmino Filho, ex-secret\u00e1rio municipal de Finan\u00e7as.<\/p>\n\n\n\n<p>Ele disputava a primeira elei\u00e7\u00e3o de sua vida.<\/p>\n\n\n\n<p><strong>Uma escola<\/strong><\/p>\n\n\n\n<p>Wall foi um l\u00edder imbat\u00edvel em todas as elei\u00e7\u00f5es que disputou em Teresina. Fez escola como gestor e como pol\u00edtico.<\/p>\n\n\n\n<p>Seu grupo venceu todas as elei\u00e7\u00f5es em Teresina desde 1985. Nenhuma outra capital brasileira registra tal proeza.<\/p>\n\n\n\n<p>Wall ganhou as elei\u00e7\u00f5es de 1985 e 1992, e comandou a vit\u00f3ria de 1988, com a elei\u00e7\u00e3o do prefeito Her\u00e1clito Fortes; Firmino venceu em 1996, 2000, 2012 e 2016; Silvio Mendes ganhou em 2004 e 2008. <\/p>\n\n\n\n<p>Esse grupo s\u00f3 conheceu uma \u00fanica derrota, em 2020. A cidade viu, a seguir, que, na verdade, quem perdeu foi ela. E foi buscar em 2024 um remanescente do grupo de Wall, Silvio Mendes, para govern\u00e1-la outra vez.<\/p>\n\n\n\n<p>Trago estas mem\u00f3rias com emo\u00e7\u00e3o e saudade do querido mestre, na passagem dos 30 anos de seu sil\u00eancio.<\/p>\n\n\n\n<figure class=\"wp-block-image size-large\"><img loading=\"lazy\" decoding=\"async\" width=\"1024\" height=\"664\" src=\"https:\/\/zozimotavares.com\/site\/wp-content\/uploads\/2025\/03\/5-1024x664.jpeg\" alt=\"\" class=\"wp-image-1112\" srcset=\"https:\/\/zozimotavares.com\/site\/wp-content\/uploads\/2025\/03\/5-1024x664.jpeg 1024w, https:\/\/zozimotavares.com\/site\/wp-content\/uploads\/2025\/03\/5-300x194.jpeg 300w, https:\/\/zozimotavares.com\/site\/wp-content\/uploads\/2025\/03\/5-768x498.jpeg 768w, https:\/\/zozimotavares.com\/site\/wp-content\/uploads\/2025\/03\/5-116x75.jpeg 116w, https:\/\/zozimotavares.com\/site\/wp-content\/uploads\/2025\/03\/5-480x311.jpeg 480w, https:\/\/zozimotavares.com\/site\/wp-content\/uploads\/2025\/03\/5.jpeg 1384w\" sizes=\"auto, (max-width:767px) 480px, (max-width:1024px) 100vw, 1024px\" \/><\/figure>\n\n\n\n<p><em>Como\u00e7\u00e3o na despedida do prefeito Wall Ferraz, h\u00e1 30 anos.<\/em><\/p>\n\n\n\n<figure class=\"wp-block-image size-large\"><img loading=\"lazy\" decoding=\"async\" width=\"1024\" height=\"695\" src=\"https:\/\/zozimotavares.com\/site\/wp-content\/uploads\/2025\/03\/4-1024x695.jpeg\" alt=\"\" class=\"wp-image-1113\" srcset=\"https:\/\/zozimotavares.com\/site\/wp-content\/uploads\/2025\/03\/4-1024x695.jpeg 1024w, https:\/\/zozimotavares.com\/site\/wp-content\/uploads\/2025\/03\/4-300x204.jpeg 300w, https:\/\/zozimotavares.com\/site\/wp-content\/uploads\/2025\/03\/4-768x521.jpeg 768w, https:\/\/zozimotavares.com\/site\/wp-content\/uploads\/2025\/03\/4-111x75.jpeg 111w, https:\/\/zozimotavares.com\/site\/wp-content\/uploads\/2025\/03\/4-480x326.jpeg 480w, https:\/\/zozimotavares.com\/site\/wp-content\/uploads\/2025\/03\/4.jpeg 1325w\" sizes=\"auto, (max-width:767px) 480px, (max-width:1024px) 100vw, 1024px\" \/><\/figure>\n\n\n\n<p><em>Cartazes com foto de Wall Ferraz.<\/em><\/p>\n\n\n\n<figure class=\"wp-block-image size-large\"><img loading=\"lazy\" decoding=\"async\" width=\"1024\" height=\"644\" src=\"https:\/\/zozimotavares.com\/site\/wp-content\/uploads\/2025\/03\/3-1024x644.jpeg\" alt=\"\" class=\"wp-image-1114\" srcset=\"https:\/\/zozimotavares.com\/site\/wp-content\/uploads\/2025\/03\/3-1024x644.jpeg 1024w, https:\/\/zozimotavares.com\/site\/wp-content\/uploads\/2025\/03\/3-300x189.jpeg 300w, https:\/\/zozimotavares.com\/site\/wp-content\/uploads\/2025\/03\/3-768x483.jpeg 768w, https:\/\/zozimotavares.com\/site\/wp-content\/uploads\/2025\/03\/3-119x75.jpeg 119w, https:\/\/zozimotavares.com\/site\/wp-content\/uploads\/2025\/03\/3-480x302.jpeg 480w, https:\/\/zozimotavares.com\/site\/wp-content\/uploads\/2025\/03\/3.jpeg 1536w\" sizes=\"auto, (max-width:767px) 480px, (max-width:1024px) 100vw, 1024px\" \/><\/figure>\n\n\n\n<p><em>Wall Ferraz com jornalistas e o governador Guilherme Melo, em 1994.<\/em><\/p>\n\n\n\n<figure class=\"wp-block-image size-large is-resized\"><img loading=\"lazy\" decoding=\"async\" src=\"https:\/\/zozimotavares.com\/site\/wp-content\/uploads\/2025\/03\/1-1024x683.jpeg\" alt=\"\" class=\"wp-image-1115\" width=\"840\" height=\"560\" srcset=\"https:\/\/zozimotavares.com\/site\/wp-content\/uploads\/2025\/03\/1-1024x683.jpeg 1024w, https:\/\/zozimotavares.com\/site\/wp-content\/uploads\/2025\/03\/1-300x200.jpeg 300w, https:\/\/zozimotavares.com\/site\/wp-content\/uploads\/2025\/03\/1-768x512.jpeg 768w, https:\/\/zozimotavares.com\/site\/wp-content\/uploads\/2025\/03\/1-1536x1024.jpeg 1536w, https:\/\/zozimotavares.com\/site\/wp-content\/uploads\/2025\/03\/1-112x75.jpeg 112w, https:\/\/zozimotavares.com\/site\/wp-content\/uploads\/2025\/03\/1-480x320.jpeg 480w, https:\/\/zozimotavares.com\/site\/wp-content\/uploads\/2025\/03\/1.jpeg 1588w\" sizes=\"auto, (max-width:767px) 480px, (max-width:840px) 100vw, 840px\" \/><\/figure>\n\n\n\n<p><em>Prefeito inaugura mais escola em Teresina, 1994.<\/em><\/p>\n\n\n\n<figure class=\"wp-block-image size-large\"><img loading=\"lazy\" decoding=\"async\" width=\"1499\" height=\"1094\" src=\"https:\/\/zozimotavares.com\/site\/wp-content\/uploads\/2025\/03\/7-1024x747.jpeg\" alt=\"\" class=\"wp-image-1116\" srcset=\"https:\/\/zozimotavares.com\/site\/wp-content\/uploads\/2025\/03\/7-1024x747.jpeg 1024w, https:\/\/zozimotavares.com\/site\/wp-content\/uploads\/2025\/03\/7-300x219.jpeg 300w, https:\/\/zozimotavares.com\/site\/wp-content\/uploads\/2025\/03\/7-768x561.jpeg 768w, https:\/\/zozimotavares.com\/site\/wp-content\/uploads\/2025\/03\/7-103x75.jpeg 103w, https:\/\/zozimotavares.com\/site\/wp-content\/uploads\/2025\/03\/7-480x350.jpeg 480w, https:\/\/zozimotavares.com\/site\/wp-content\/uploads\/2025\/03\/7.jpeg 1499w\" sizes=\"auto, (max-width:767px) 480px, (max-width:1499px) 100vw, 1499px\" \/><\/figure>\n\n\n\n<p><em>Wall Ferraz em visita de inspe\u00e7\u00e3o ao hospital-maternidade do bairro Dirceu Arcoverde.<\/em><\/p>\n","protected":false},"excerpt":{"rendered":"<p>Era por volta das 22h30 de 22 de mar\u00e7o de 1995 quando recebi, em casa, pelo telefone a not\u00edcia j\u00e1 de certo modo esperada, mas nunca<span class=\"excerpt-hellip\"> [\u2026]<\/span><\/p>\n","protected":false},"author":2,"featured_media":1111,"comment_status":"closed","ping_status":"open","sticky":false,"template":"","format":"standard","meta":{"footnotes":""},"categories":[21,25],"tags":[203,50,202],"class_list":["post-1110","post","type-post","status-publish","format-standard","has-post-thumbnail","hentry","category-alem-do-fato","category-reportagens-especiais","tag-30-anos","tag-teresina","tag-wall-ferraz"],"_links":{"self":[{"href":"https:\/\/zozimotavares.com\/site\/wp-json\/wp\/v2\/posts\/1110","targetHints":{"allow":["GET"]}}],"collection":[{"href":"https:\/\/zozimotavares.com\/site\/wp-json\/wp\/v2\/posts"}],"about":[{"href":"https:\/\/zozimotavares.com\/site\/wp-json\/wp\/v2\/types\/post"}],"author":[{"embeddable":true,"href":"https:\/\/zozimotavares.com\/site\/wp-json\/wp\/v2\/users\/2"}],"replies":[{"embeddable":true,"href":"https:\/\/zozimotavares.com\/site\/wp-json\/wp\/v2\/comments?post=1110"}],"version-history":[{"count":8,"href":"https:\/\/zozimotavares.com\/site\/wp-json\/wp\/v2\/posts\/1110\/revisions"}],"predecessor-version":[{"id":1126,"href":"https:\/\/zozimotavares.com\/site\/wp-json\/wp\/v2\/posts\/1110\/revisions\/1126"}],"wp:featuredmedia":[{"embeddable":true,"href":"https:\/\/zozimotavares.com\/site\/wp-json\/wp\/v2\/media\/1111"}],"wp:attachment":[{"href":"https:\/\/zozimotavares.com\/site\/wp-json\/wp\/v2\/media?parent=1110"}],"wp:term":[{"taxonomy":"category","embeddable":true,"href":"https:\/\/zozimotavares.com\/site\/wp-json\/wp\/v2\/categories?post=1110"},{"taxonomy":"post_tag","embeddable":true,"href":"https:\/\/zozimotavares.com\/site\/wp-json\/wp\/v2\/tags?post=1110"}],"curies":[{"name":"wp","href":"https:\/\/api.w.org\/{rel}","templated":true}]}}