{"id":1037,"date":"2024-09-08T10:34:17","date_gmt":"2024-09-08T13:34:17","guid":{"rendered":"https:\/\/zozimotavares.com\/site\/?p=1037"},"modified":"2025-04-21T10:02:27","modified_gmt":"2025-04-21T13:02:27","slug":"pioneira-62-anos-inovar-sem-perder-a-essencia","status":"publish","type":"post","link":"https:\/\/zozimotavares.com\/site\/2024\/09\/08\/pioneira-62-anos-inovar-sem-perder-a-essencia\/","title":{"rendered":"Pioneira: 62 anos no ar"},"content":{"rendered":"\n<h6 class=\"wp-block-heading\">Nascemos no mesmo ano \u2013 eu em abril, ela em setembro. Desde que nos conhecemos, estamos sempre juntos, unidos pelo mesmo ideal: o da comunica\u00e7\u00e3o.<\/h6>\n\n\n\n<p>Todos n\u00f3s temos, de algum modo, uma mem\u00f3ria afetiva com ela, a aniversariante deste 8 de setembro \u2013 a R\u00e1dio Pioneira de Teresina \u2013, seja como ouvintes, entrevistados ou mesmo como profissionais que l\u00e1 trabalharam ou ainda trabalham.<\/p>\n\n\n\n<p>Ao longo de seis d\u00e9cadas, a Pioneira \u2013 a emissora cat\u00f3lica de Teresina \u2013 tem prestado, ininterrupta e incansavelmente, relevantes servi\u00e7os ao Piau\u00ed e ao povo de Deus.<\/p>\n\n\n\n<p>Nenhum outro ve\u00edculo de comunica\u00e7\u00e3o carrega a magia do r\u00e1dio. Nenhum outro toca t\u00e3o de perto o cora\u00e7\u00e3o do receptor.<\/p>\n\n\n\n<p>Pensar em r\u00e1dio \u00e9 ter em mente caracter\u00edsticas b\u00e1sicas como: o uso apenas da linguagem oral, sua mobilidade \u2013 tanto de emissor quanto de receptor, seu imediatismo, sua instantaneidade e autonomia, mas, principalmente, sua sensorialidade.<\/p>\n\n\n\n<p>\u00c9 atrav\u00e9s da sensorialidade do r\u00e1dio que se conquista e envolve o ouvinte, atrav\u00e9s de um di\u00e1logo mental entre o emissor e o receptor.<\/p>\n\n\n\n<p>Como o livro, o r\u00e1dio p\u00f5e o seu receptor no centro da comunica\u00e7\u00e3o. Assim, \u00e9 ele &#8211;&nbsp; o receptor \u2013 que completa a mensagem, com os sentidos e a imagina\u00e7\u00e3o, da mesma forma que o leitor faz em rela\u00e7\u00e3o ao livro, quando idealiza seus personagens, as caracteristicas de cada um deles, etc.<\/p>\n\n\n\n<p>O r\u00e1dio desperta a imagina\u00e7\u00e3o atrav\u00e9s da emocionalidade das palavras e dos recursos de sonoplastia, permitindo que as mensagens tenham nuances individuais, de acordo com as expectativas de cada um.<\/p>\n\n\n\n<p><strong>Uma inspira\u00e7\u00e3o<\/strong><\/p>\n\n\n\n<p>&nbsp;Se fosse fazer uma busca das influ\u00eancias que recebi para definir e iniciar a minha profiss\u00e3o, ainda muito jovem, com apenas 18 anos, eu n\u00e3o teria d\u00favida em reconhecer que a Pioneira me inspirou decisivamente nesta caminhada.<\/p>\n\n\n\n<p>Foi ouvindo a <em>Grande Revista Noticiosa Pioneira<\/em>, pela manh\u00e3, e o <em>Correspondente Pioneira<\/em>, ao meio-dia, que me tomei de encanto pelo jornalismo, quando cheguei em Teresina, vindo de \u00c1gua Branca, em 1978, com 15 para 16 anos.<\/p>\n\n\n\n<p>Aquilo era um espet\u00e1culo para meus ouvidos, come\u00e7ando pela execu\u00e7\u00e3o dos acordes do Hino do Piau\u00ed, na abertura do notici\u00e1rio.<\/p>\n\n\n\n<p>A seguir, entravam as vozes vibrantes de Carlos Augusto e Deocl\u00e9cio Dantas, na apresenta\u00e7\u00e3o e an\u00e1lise dos fatos, afinadissimos como um dueto de um tenor e um bar\u00edtono. O notici\u00e1rio era encerrado com um movimento da pe\u00e7a <em>Capricho Espanhol<\/em> (N. Rimsky-Korsakov).<\/p>\n\n\n\n<p>Se fechar os olhos, ainda consigo ouvir perfeitamente aquela dupla incompor\u00e1vel, inconfund\u00edvel e inesquec\u00edvel.<\/p>\n\n\n\n<p><strong>Encontro com a mem\u00f3ria<\/strong><\/p>\n\n\n\n<p>Lembrar a trajet\u00f3ria da Pioneira, hoje, \u00e9 tamb\u00e9m promover um encontro com a mem\u00f3ria e, do mesmo modo, um encontro com a saudade. Saudade dos programas da emissora, das trilhas sonoras, das m\u00fasicas que marcaram \u00e9poca, das vozes de seus locutores.<\/p>\n\n\n\n<p>Muitos lembram do popular <em>Seu Gosto na Berlinda<\/em>, com Roque Moreira; outros, se recordam do <em>Domingo Alegre<\/em>, com Joel Silva; outros, ainda, das emo\u00e7\u00f5es das tardes de domingo, nas transmiss\u00f5es esportivas de D\u00eddimo de Castro, Carlos Said e sua inigual\u00e1vel equipe \u2013 Aluizio de Castro, Carlos Dias, Gomes de Oliveira, Pedro Ribeiro,Tomaz Teixeira, Valdir Ara\u00fajo ; e mais recentemente da <em>Cabana do Rei<\/em>, com m\u00fasicas de Gonzag\u00e3o, apresentado por Ana Maria Silva.<\/p>\n\n\n\n<p>\u00a0H\u00e1, ainda, os que se lembram da cr\u00f4nica di\u00e1ria <em>Ora\u00e7\u00e3o por um dia feliz,<\/em> com D. Avelar; outros se reencontram com <em>A Cidade Medita<\/em>, do saudoso padre Raimundo Jos\u00e9 Airemoraes; e outros ainda com<em><strong> Sinal de Deus<\/strong><\/em>, com o padre Tony \u2013 estes,\u00a0 todos eles, depois se tornaram membros da Academia Piauiense de Letras.<\/p>\n\n\n\n<p>A tradi\u00e7\u00e3o da comunica\u00e7\u00e3o direta da Igreja Cat\u00f3lica com o seu rebanho foi retomada h\u00e1 pouco pelo arcebispo de Teresina, D. Juarez Marques, com o programa <strong>Para que todos tenham vida<\/strong>, levado ao ar de segunda a sexta-feira, ao meio-dia.<\/p>\n\n\n\n<p><strong>Outros campe\u00f5es de audi\u00eancia<\/strong><\/p>\n\n\n\n<p>\u00c9 imposs\u00edvel n\u00e3o recordar a comunica\u00e7\u00e3o irreverente de Gomes de Oliveira, no <em>Programa do Galego<\/em>, de aerrebatadora audi\u00eancia; o programa <em>Sert\u00e3o por dentro e por fora<\/em>, com Pedro Mendes Ribeiro, nas noites de domingo, ouvido em todo o Nordeste; e tamb\u00e9m o <em>Correspondente do Interior<\/em>, com Arisvaldo Alencar, e o <em>Prego na chuteira<\/em>, com Deusdeth Nunes Garrincha e seu humor impag\u00e1vel.<\/p>\n\n\n\n<p>Entre os disque-j\u00f3queis mais festejados, Gilberto Melo, com repert\u00f3rio de muito bom gosto; Weyden Cunha, absolutamente inovador com o seu <em>Das tr\u00eas, simplesmente a melhor&#8230;<\/em> E tamb\u00e9m Rita Ara\u00fajo, com sua mensagem musical, e Benedito Machado, o Fortaleza, animado as noites teresinenses.<\/p>\n\n\n\n<p>\u00ca Pioneira que tem hist\u00f3ria! Trago estas lembran\u00e7as como ouvinte. Outros ter\u00e3o as suas, certamente.<\/p>\n\n\n\n<p>Dedico estas lembran\u00e7as \u00e0 mem\u00f3ria dos que, aos microfones ou nos bastidores, fizeram a hist\u00f3ria da Pioneira, \u201cuma emissora que n\u00e3o para\u201d, como sentenciou o <em>Magro de A\u00e7o.<\/em><\/p>\n\n\n\n<p><strong>Nova era<\/strong><\/p>\n\n\n\n<p>&nbsp;E por n\u00e3o parar, a r\u00e1dio, em sintonia com os novos tempos, migrou do sistema anal\u00f3gico para o digital (88.7 FM). Est\u00e1 presente tamb\u00e9m nas plataformas digitais, podendo alcan\u00e7ar hoje todo o planeta.<\/p>\n\n\n\n<p>Nosso incentivo e nosso aplauso aos que d\u00e3o continuidade \u00e0 caminhada de nossa querida emissora.<\/p>\n\n\n\n<p>Que tenham \u00eaxito em suas miss\u00f5es, pois a Pioneira, mesmo com os seus 62 anos, n\u00e3o \u00e9 idosa, ela se renova e se destina a levar adiante a sua miss\u00e3o de promover a comunica\u00e7\u00e3o para a paz e a educa\u00e7\u00e3o, atrav\u00e9s da evangeliza\u00e7\u00e3o e da humaniza\u00e7\u00e3o, seguindo fielmente os ideais e os sonhos de Dom Avelar, seu fundador.<\/p>\n\n\n\n<p>&nbsp;Pela sua rica e exemplar hist\u00f3ria, a Pioneira j\u00e1 n\u00e3o \u00e9 mais um patrim\u00f4nio apenas da Arquidiocese, ou mesmo de Teresina.<\/p>\n\n\n\n<p>\u00c9 um patrim\u00f4nio vivo do povo do Piau\u00ed e da comunica\u00e7\u00e3o brasileira!<\/p>\n\n\n\n<figure class=\"wp-block-image size-full\"><img loading=\"lazy\" decoding=\"async\" width=\"960\" height=\"720\" src=\"https:\/\/zozimotavares.com\/site\/wp-content\/uploads\/2024\/09\/Pioneira-55-anos.jpeg\" alt=\"\" class=\"wp-image-1038\" srcset=\"https:\/\/zozimotavares.com\/site\/wp-content\/uploads\/2024\/09\/Pioneira-55-anos.jpeg 960w, https:\/\/zozimotavares.com\/site\/wp-content\/uploads\/2024\/09\/Pioneira-55-anos-300x225.jpeg 300w, https:\/\/zozimotavares.com\/site\/wp-content\/uploads\/2024\/09\/Pioneira-55-anos-768x576.jpeg 768w, https:\/\/zozimotavares.com\/site\/wp-content\/uploads\/2024\/09\/Pioneira-55-anos-100x75.jpeg 100w, https:\/\/zozimotavares.com\/site\/wp-content\/uploads\/2024\/09\/Pioneira-55-anos-480x360.jpeg 480w\" sizes=\"auto, (max-width:767px) 480px, (max-width:960px) 100vw, 960px\" \/><\/figure>\n\n\n\n<p><em>Celebra\u00e7\u00e3o dos 55 anos da Pioneira, na Igreja de N.S. F\u00e1tima (2017)<\/em><\/p>\n\n\n\n<figure class=\"wp-block-image size-large\"><img loading=\"lazy\" decoding=\"async\" width=\"1024\" height=\"683\" src=\"https:\/\/zozimotavares.com\/site\/wp-content\/uploads\/2024\/09\/23-1024x683.jpeg\" alt=\"\" class=\"wp-image-1039\" srcset=\"https:\/\/zozimotavares.com\/site\/wp-content\/uploads\/2024\/09\/23-1024x683.jpeg 1024w, https:\/\/zozimotavares.com\/site\/wp-content\/uploads\/2024\/09\/23-300x200.jpeg 300w, https:\/\/zozimotavares.com\/site\/wp-content\/uploads\/2024\/09\/23-768x512.jpeg 768w, https:\/\/zozimotavares.com\/site\/wp-content\/uploads\/2024\/09\/23-1536x1024.jpeg 1536w, https:\/\/zozimotavares.com\/site\/wp-content\/uploads\/2024\/09\/23-113x75.jpeg 113w, https:\/\/zozimotavares.com\/site\/wp-content\/uploads\/2024\/09\/23-480x320.jpeg 480w, https:\/\/zozimotavares.com\/site\/wp-content\/uploads\/2024\/09\/23.jpeg 1599w\" sizes=\"auto, (max-width:767px) 480px, (max-width:1024px) 100vw, 1024px\" \/><\/figure>\n\n\n\n<p><em>Comemora\u00e7\u00e3o dos 60 anos da Pioneira, na Academia Piauiense de Letras<\/em><\/p>\n\n\n\n<figure class=\"wp-block-image size-large\"><img loading=\"lazy\" decoding=\"async\" width=\"630\" height=\"1024\" src=\"https:\/\/zozimotavares.com\/site\/wp-content\/uploads\/2024\/09\/pioneira-62-anos-630x1024.jpeg\" alt=\"\" class=\"wp-image-1040\" srcset=\"https:\/\/zozimotavares.com\/site\/wp-content\/uploads\/2024\/09\/pioneira-62-anos-630x1024.jpeg 630w, https:\/\/zozimotavares.com\/site\/wp-content\/uploads\/2024\/09\/pioneira-62-anos-185x300.jpeg 185w, https:\/\/zozimotavares.com\/site\/wp-content\/uploads\/2024\/09\/pioneira-62-anos-768x1248.jpeg 768w, https:\/\/zozimotavares.com\/site\/wp-content\/uploads\/2024\/09\/pioneira-62-anos-46x75.jpeg 46w, https:\/\/zozimotavares.com\/site\/wp-content\/uploads\/2024\/09\/pioneira-62-anos-480x780.jpeg 480w, https:\/\/zozimotavares.com\/site\/wp-content\/uploads\/2024\/09\/pioneira-62-anos.jpeg 788w\" sizes=\"auto, (max-width:767px) 480px, 630px\" \/><\/figure>\n","protected":false},"excerpt":{"rendered":"<p>Nascemos no mesmo ano \u2013 eu em abril, ela em setembro. Desde que nos conhecemos, estamos sempre juntos, unidos pelo mesmo ideal: o da comunica\u00e7\u00e3o. Todos<span class=\"excerpt-hellip\"> [\u2026]<\/span><\/p>\n","protected":false},"author":2,"featured_media":1041,"comment_status":"closed","ping_status":"open","sticky":false,"template":"","format":"standard","meta":{"footnotes":""},"categories":[21,24],"tags":[187,186,50],"class_list":["post-1037","post","type-post","status-publish","format-standard","has-post-thumbnail","hentry","category-alem-do-fato","category-cronicas","tag-62-anos","tag-pioneira","tag-teresina"],"_links":{"self":[{"href":"https:\/\/zozimotavares.com\/site\/wp-json\/wp\/v2\/posts\/1037","targetHints":{"allow":["GET"]}}],"collection":[{"href":"https:\/\/zozimotavares.com\/site\/wp-json\/wp\/v2\/posts"}],"about":[{"href":"https:\/\/zozimotavares.com\/site\/wp-json\/wp\/v2\/types\/post"}],"author":[{"embeddable":true,"href":"https:\/\/zozimotavares.com\/site\/wp-json\/wp\/v2\/users\/2"}],"replies":[{"embeddable":true,"href":"https:\/\/zozimotavares.com\/site\/wp-json\/wp\/v2\/comments?post=1037"}],"version-history":[{"count":6,"href":"https:\/\/zozimotavares.com\/site\/wp-json\/wp\/v2\/posts\/1037\/revisions"}],"predecessor-version":[{"id":1048,"href":"https:\/\/zozimotavares.com\/site\/wp-json\/wp\/v2\/posts\/1037\/revisions\/1048"}],"wp:featuredmedia":[{"embeddable":true,"href":"https:\/\/zozimotavares.com\/site\/wp-json\/wp\/v2\/media\/1041"}],"wp:attachment":[{"href":"https:\/\/zozimotavares.com\/site\/wp-json\/wp\/v2\/media?parent=1037"}],"wp:term":[{"taxonomy":"category","embeddable":true,"href":"https:\/\/zozimotavares.com\/site\/wp-json\/wp\/v2\/categories?post=1037"},{"taxonomy":"post_tag","embeddable":true,"href":"https:\/\/zozimotavares.com\/site\/wp-json\/wp\/v2\/tags?post=1037"}],"curies":[{"name":"wp","href":"https:\/\/api.w.org\/{rel}","templated":true}]}}